{"id":2085,"date":"2015-02-06T11:49:13","date_gmt":"2015-02-06T11:49:13","guid":{"rendered":""},"modified":"-0001-11-30T00:00:00","modified_gmt":"-0001-11-30T03:00:00","slug":"deputado-felix-mendonca-junior-apresenta-pl-sobre-honorarios-de-sucumbencia-aos-advogados-publicos","status":"publish","type":"post","link":"https:\/\/sinprofaz.org.br\/2024\/noticias\/deputado-felix-mendonca-junior-apresenta-pl-sobre-honorarios-de-sucumbencia-aos-advogados-publicos\/","title":{"rendered":"Deputado F\u00e9lix Mendon\u00e7a J\u00fanior apresenta PL sobre Honor\u00e1rios de Sucumb\u00eancia aos Advogados P\u00fablicos"},"content":{"rendered":"<p>O projeto \u00e9 a reapresenta\u00e7\u00e3o do PL 2279\/2011, do deputado Paulo Rubem Santiago (PDT\/PE), arquivado definitivamente ao final da 54\u00aa legislatura.<\/p>\n<p>Na justificativa do PL, o autor rememorou a tramita\u00e7\u00e3o do PL de Paulo Rubem na legislatura passada, ressaltando sua import\u00e2ncia.<\/p>\n<p>O PL ser\u00e1 encaminhado \u00e0 Mesa da C\u00e2mara dos Deputados para ser despachado \u00e0s Comiss\u00f5es.<\/p>\n<p><a href=\"\/pdfs\/pl-149-2015.pdf\" target=\"_blank\">Clique aqui<\/a> para ler o texto do projeto.<\/p>\n","protected":false},"excerpt":{"rendered":"<p>O deputado F\u00e9lix Mendon\u00e7a J\u00fanior (PDT\/BA) apresentou o Projeto de Lei 149\/2015, que obriga o pagamento de honor\u00e1rios de sucumb\u00eancia aos advogados p\u00fablicos, alterando a Lei n\u00ba 8.906, de 4 de julho de 1994.<\/p>\n","protected":false},"author":1,"featured_media":0,"comment_status":"closed","ping_status":"open","sticky":false,"template":"","format":"standard","meta":{"footnotes":""},"categories":[8],"tags":[],"featured_image_url":"https:\/\/dummyimage.com\/720x400","character_count":207,"formatted_date":"06\/02\/2015 - 11:49","contentNovo":"\r\n<p>O projeto \u00e9 a reapresenta\u00e7\u00e3o do PL 2279\/2011, do deputado Paulo Rubem Santiago (PDT\/PE), arquivado definitivamente ao final da 54\u00aa legislatura.<\/p>\r\n<p>Na justificativa do PL, o autor rememorou a tramita\u00e7\u00e3o do PL de Paulo Rubem na legislatura passada, ressaltando sua import\u00e2ncia.<\/p>\r\n<p>O PL ser\u00e1 encaminhado \u00e0 Mesa da C\u00e2mara dos Deputados para ser despachado \u00e0s Comiss\u00f5es.<\/p>\r\n<p><a href=\"\/pdfs\/pl-149-2015.pdf\" target=\"_blank\">Clique aqui<\/a> para ler o texto do projeto.<\/p>","_links":{"self":[{"href":"https:\/\/sinprofaz.org.br\/2024\/wp-json\/wp\/v2\/posts\/2085"}],"collection":[{"href":"https:\/\/sinprofaz.org.br\/2024\/wp-json\/wp\/v2\/posts"}],"about":[{"href":"https:\/\/sinprofaz.org.br\/2024\/wp-json\/wp\/v2\/types\/post"}],"author":[{"embeddable":true,"href":"https:\/\/sinprofaz.org.br\/2024\/wp-json\/wp\/v2\/users\/1"}],"replies":[{"embeddable":true,"href":"https:\/\/sinprofaz.org.br\/2024\/wp-json\/wp\/v2\/comments?post=2085"}],"version-history":[{"count":0,"href":"https:\/\/sinprofaz.org.br\/2024\/wp-json\/wp\/v2\/posts\/2085\/revisions"}],"wp:attachment":[{"href":"https:\/\/sinprofaz.org.br\/2024\/wp-json\/wp\/v2\/media?parent=2085"}],"wp:term":[{"taxonomy":"category","embeddable":true,"href":"https:\/\/sinprofaz.org.br\/2024\/wp-json\/wp\/v2\/categories?post=2085"},{"taxonomy":"post_tag","embeddable":true,"href":"https:\/\/sinprofaz.org.br\/2024\/wp-json\/wp\/v2\/tags?post=2085"}],"curies":[{"name":"wp","href":"https:\/\/api.w.org\/{rel}","templated":true}]}}