{"id":20806,"date":"2026-04-30T21:06:33","date_gmt":"2026-05-01T00:06:33","guid":{"rendered":"https:\/\/sinprofaz.org.br\/2024\/?p=20806"},"modified":"2026-04-30T21:06:33","modified_gmt":"2026-05-01T00:06:33","slug":"stf-reconhece-obrigatoriedade-de-inscricao-na-oab-para-advocacia-publica","status":"publish","type":"post","link":"https:\/\/sinprofaz.org.br\/2024\/noticias\/stf-reconhece-obrigatoriedade-de-inscricao-na-oab-para-advocacia-publica\/","title":{"rendered":"STF reconhece obrigatoriedade de inscri\u00e7\u00e3o na OAB para Advocacia P\u00fablica"},"content":{"rendered":"<p>O Sindicato Nacional dos Procuradores da Fazenda Nacional (Sinprofaz) destaca o julgamento hist\u00f3rico realizado pelo Supremo Tribunal Federal nesta quarta-feira (30), que reconheceu a obrigatoriedade da inscri\u00e7\u00e3o na Ordem dos Advogados do Brasil para o exerc\u00edcio das fun\u00e7\u00f5es de Advocacia P\u00fablica. A decis\u00e3o consolida um entendimento relevante para a estrutura jur\u00eddica do Estado e refor\u00e7a as prerrogativas da carreira em todo o pa\u00eds.<\/p>\n<p>O Sinprofaz acompanhou a sess\u00e3o no STF, que tratou da exig\u00eancia de inscri\u00e7\u00e3o na OAB para advogados p\u00fablicos. O reconhecimento da obrigatoriedade representa um marco para a Advocacia P\u00fablica Nacional, ao reafirmar a natureza jur\u00eddica da atividade desempenhada pelos advogados p\u00fablicos e sua vincula\u00e7\u00e3o \u00e0s prerrogativas da advocacia.<\/p>\n<p>Durante a sess\u00e3o, o ministro Dias Toffoli proferiu voto no sentido de reconhecer a indispensabilidade da inscri\u00e7\u00e3o na OAB, ressaltando que, no exerc\u00edcio das fun\u00e7\u00f5es perante entes p\u00fablicos, a compet\u00eancia disciplinar deve permanecer com as corregedorias. O entendimento foi integralmente acompanhado pelo ministro Edson Fachin, contribuindo para a consolida\u00e7\u00e3o de uma posi\u00e7\u00e3o relevante no \u00e2mbito do Supremo Tribunal Federal.<\/p>\n<p>O Sinprofaz ressalta que, j\u00e1 na primeira semana de atua\u00e7\u00e3o da atual diretoria, no bi\u00eanio 2025\u20132027, foi realizada interlocu\u00e7\u00e3o institucional com o ministro Dias Toffoli, ocasi\u00e3o em que houve sinaliza\u00e7\u00e3o de compreens\u00e3o sobre o tema, entendimento posteriormente confirmado no julgamento.<\/p>\n<p>A decis\u00e3o reafirma a natureza jur\u00eddica da atua\u00e7\u00e3o da carreira, fortalece suas prerrogativas e contribui para a consolida\u00e7\u00e3o da identidade da Advocacia P\u00fablica no Brasil.<\/p>\n","protected":false},"excerpt":{"rendered":"<p>Julgamento refor\u00e7a a natureza jur\u00eddica da carreira e consolida prerrogativas dos advogados p\u00fablicos em todo o pa\u00eds.<\/p>\n","protected":false},"author":2,"featured_media":20807,"comment_status":"open","ping_status":"open","sticky":false,"template":"","format":"standard","meta":{"footnotes":""},"categories":[8],"tags":[34,32,22,135,182],"featured_image_url":"https:\/\/sinprofaz.org.br\/2024\/wp-content\/uploads\/2026\/04\/sinprofaz.png","character_count":849,"formatted_date":"30\/04\/2026 - 21:06","contentNovo":"O Sindicato Nacional dos Procuradores da Fazenda Nacional (Sinprofaz) destaca o julgamento hist\u00f3rico realizado pelo Supremo Tribunal Federal nesta quarta-feira (30), que reconheceu a obrigatoriedade da inscri\u00e7\u00e3o na Ordem dos Advogados do Brasil para o exerc\u00edcio das fun\u00e7\u00f5es de Advocacia P\u00fablica. A decis\u00e3o consolida um entendimento relevante para a estrutura jur\u00eddica do Estado e refor\u00e7a as prerrogativas da carreira em todo o pa\u00eds.\r\n\r\nO Sinprofaz acompanhou a sess\u00e3o no STF, que tratou da exig\u00eancia de inscri\u00e7\u00e3o na OAB para advogados p\u00fablicos. O reconhecimento da obrigatoriedade representa um marco para a Advocacia P\u00fablica Nacional, ao reafirmar a natureza jur\u00eddica da atividade desempenhada pelos advogados p\u00fablicos e sua vincula\u00e7\u00e3o \u00e0s prerrogativas da advocacia.\r\n\r\nDurante a sess\u00e3o, o ministro Dias Toffoli proferiu voto no sentido de reconhecer a indispensabilidade da inscri\u00e7\u00e3o na OAB, ressaltando que, no exerc\u00edcio das fun\u00e7\u00f5es perante entes p\u00fablicos, a compet\u00eancia disciplinar deve permanecer com as corregedorias. O entendimento foi integralmente acompanhado pelo ministro Edson Fachin, contribuindo para a consolida\u00e7\u00e3o de uma posi\u00e7\u00e3o relevante no \u00e2mbito do Supremo Tribunal Federal.\r\n\r\nO Sinprofaz ressalta que, j\u00e1 na primeira semana de atua\u00e7\u00e3o da atual diretoria, no bi\u00eanio 2025\u20132027, foi realizada interlocu\u00e7\u00e3o institucional com o ministro Dias Toffoli, ocasi\u00e3o em que houve sinaliza\u00e7\u00e3o de compreens\u00e3o sobre o tema, entendimento posteriormente confirmado no julgamento.\r\n\r\nA decis\u00e3o reafirma a natureza jur\u00eddica da atua\u00e7\u00e3o da carreira, fortalece suas prerrogativas e contribui para a consolida\u00e7\u00e3o da identidade da Advocacia P\u00fablica no Brasil.","_links":{"self":[{"href":"https:\/\/sinprofaz.org.br\/2024\/wp-json\/wp\/v2\/posts\/20806"}],"collection":[{"href":"https:\/\/sinprofaz.org.br\/2024\/wp-json\/wp\/v2\/posts"}],"about":[{"href":"https:\/\/sinprofaz.org.br\/2024\/wp-json\/wp\/v2\/types\/post"}],"author":[{"embeddable":true,"href":"https:\/\/sinprofaz.org.br\/2024\/wp-json\/wp\/v2\/users\/2"}],"replies":[{"embeddable":true,"href":"https:\/\/sinprofaz.org.br\/2024\/wp-json\/wp\/v2\/comments?post=20806"}],"version-history":[{"count":1,"href":"https:\/\/sinprofaz.org.br\/2024\/wp-json\/wp\/v2\/posts\/20806\/revisions"}],"predecessor-version":[{"id":20808,"href":"https:\/\/sinprofaz.org.br\/2024\/wp-json\/wp\/v2\/posts\/20806\/revisions\/20808"}],"wp:featuredmedia":[{"embeddable":true,"href":"https:\/\/sinprofaz.org.br\/2024\/wp-json\/wp\/v2\/media\/20807"}],"wp:attachment":[{"href":"https:\/\/sinprofaz.org.br\/2024\/wp-json\/wp\/v2\/media?parent=20806"}],"wp:term":[{"taxonomy":"category","embeddable":true,"href":"https:\/\/sinprofaz.org.br\/2024\/wp-json\/wp\/v2\/categories?post=20806"},{"taxonomy":"post_tag","embeddable":true,"href":"https:\/\/sinprofaz.org.br\/2024\/wp-json\/wp\/v2\/tags?post=20806"}],"curies":[{"name":"wp","href":"https:\/\/api.w.org\/{rel}","templated":true}]}}