{"id":20801,"date":"2026-04-30T07:35:28","date_gmt":"2026-04-30T10:35:28","guid":{"rendered":"https:\/\/sinprofaz.org.br\/2024\/?p=20801"},"modified":"2026-04-30T07:35:28","modified_gmt":"2026-04-30T10:35:28","slug":"nota-publica-5","status":"publish","type":"post","link":"https:\/\/sinprofaz.org.br\/2024\/noticias\/nota-publica-5\/","title":{"rendered":"Nota P\u00fablica"},"content":{"rendered":"<p>O Sindicato Nacional dos Procuradores da Fazenda Nacional (Sinprofaz) manifesta solidariedade ao Advogado-Geral da Uni\u00e3o, Jorge Messias, diante dos acontecimentos registrados nesta quarta-feira (29) no Senado Federal.<\/p>\n<p>Com o devido respeito \u00e0 decis\u00e3o soberana da Casa Legislativa, o Sinprofaz acredita que o resultado da sabatina reflete, de forma inequ\u00edvoca, o atual cen\u00e1rio de elevada polariza\u00e7\u00e3o pol\u00edtica que atravessa o pa\u00eds, circunst\u00e2ncia que sem d\u00favidas interferiu no ambiente e na condu\u00e7\u00e3o do processo.<\/p>\n<p>Ainda assim, permanece inalterado o reconhecimento \u00e0 trajet\u00f3ria s\u00f3lida, \u00e0 integridade e \u00e0 capacidade t\u00e9cnica de Jorge Messias, atributos que o credenciam para o exerc\u00edcio de fun\u00e7\u00f5es de alta relev\u00e2ncia institucional.<\/p>\n<p>Ao longo de sua atua\u00e7\u00e3o na Advocacia P\u00fablica, Jorge Messias construiu uma carreira marcada pelo compromisso com o interesse p\u00fablico, pela sensibilidade institucional e pela habilidade em lidar com temas complexos com equil\u00edbrio e responsabilidade. Sua trajet\u00f3ria constitui motivo de orgulho para a Advocacia-Geral da Uni\u00e3o e para toda a Advocacia P\u00fablica brasileira.<\/p>\n<p>O Sinprofaz reafirma sua confian\u00e7a na continuidade de uma atua\u00e7\u00e3o dedicada e qualificada, destacando a import\u00e2ncia de sua contribui\u00e7\u00e3o para o fortalecimento das institui\u00e7\u00f5es e para a promo\u00e7\u00e3o da seguran\u00e7a jur\u00eddica no pa\u00eds.<\/p>\n<p>Bras\u00edlia, 29 de abril de 2026.<\/p>\n<p><strong>Sindicato Nacional dos Procuradores da Fazenda Nacional (Sinprofaz)<\/strong><\/p>\n","protected":false},"excerpt":{"rendered":"<p>Sinprofaz manifesta solidariedade ao Advogado-Geral da Uni\u00e3o, Jorge Messias, diante dos acontecimentos registrados nesta quarta-feira (29) no Senado Federal. <\/p>\n","protected":false},"author":2,"featured_media":20802,"comment_status":"open","ping_status":"open","sticky":false,"template":"","format":"standard","meta":{"footnotes":""},"categories":[8],"tags":[43,361,408,600,247,25,135,182],"featured_image_url":"https:\/\/sinprofaz.org.br\/2024\/wp-content\/uploads\/2026\/04\/nota_publica.jpeg","character_count":730,"formatted_date":"30\/04\/2026 - 07:35","contentNovo":"O Sindicato Nacional dos Procuradores da Fazenda Nacional (Sinprofaz) manifesta solidariedade ao Advogado-Geral da Uni\u00e3o, Jorge Messias, diante dos acontecimentos registrados nesta quarta-feira (29) no Senado Federal.\r\n\r\nCom o devido respeito \u00e0 decis\u00e3o soberana da Casa Legislativa, o Sinprofaz acredita que o resultado da sabatina reflete, de forma inequ\u00edvoca, o atual cen\u00e1rio de elevada polariza\u00e7\u00e3o pol\u00edtica que atravessa o pa\u00eds, circunst\u00e2ncia que sem d\u00favidas interferiu no ambiente e na condu\u00e7\u00e3o do processo.\r\n\r\nAinda assim, permanece inalterado o reconhecimento \u00e0 trajet\u00f3ria s\u00f3lida, \u00e0 integridade e \u00e0 capacidade t\u00e9cnica de Jorge Messias, atributos que o credenciam para o exerc\u00edcio de fun\u00e7\u00f5es de alta relev\u00e2ncia institucional.\r\n\r\nAo longo de sua atua\u00e7\u00e3o na Advocacia P\u00fablica, Jorge Messias construiu uma carreira marcada pelo compromisso com o interesse p\u00fablico, pela sensibilidade institucional e pela habilidade em lidar com temas complexos com equil\u00edbrio e responsabilidade. Sua trajet\u00f3ria constitui motivo de orgulho para a Advocacia-Geral da Uni\u00e3o e para toda a Advocacia P\u00fablica brasileira.\r\n\r\nO Sinprofaz reafirma sua confian\u00e7a na continuidade de uma atua\u00e7\u00e3o dedicada e qualificada, destacando a import\u00e2ncia de sua contribui\u00e7\u00e3o para o fortalecimento das institui\u00e7\u00f5es e para a promo\u00e7\u00e3o da seguran\u00e7a jur\u00eddica no pa\u00eds.\r\n\r\nBras\u00edlia, 29 de abril de 2026.\r\n\r\n<strong>Sindicato Nacional dos Procuradores da Fazenda Nacional (Sinprofaz)<\/strong>","_links":{"self":[{"href":"https:\/\/sinprofaz.org.br\/2024\/wp-json\/wp\/v2\/posts\/20801"}],"collection":[{"href":"https:\/\/sinprofaz.org.br\/2024\/wp-json\/wp\/v2\/posts"}],"about":[{"href":"https:\/\/sinprofaz.org.br\/2024\/wp-json\/wp\/v2\/types\/post"}],"author":[{"embeddable":true,"href":"https:\/\/sinprofaz.org.br\/2024\/wp-json\/wp\/v2\/users\/2"}],"replies":[{"embeddable":true,"href":"https:\/\/sinprofaz.org.br\/2024\/wp-json\/wp\/v2\/comments?post=20801"}],"version-history":[{"count":1,"href":"https:\/\/sinprofaz.org.br\/2024\/wp-json\/wp\/v2\/posts\/20801\/revisions"}],"predecessor-version":[{"id":20803,"href":"https:\/\/sinprofaz.org.br\/2024\/wp-json\/wp\/v2\/posts\/20801\/revisions\/20803"}],"wp:featuredmedia":[{"embeddable":true,"href":"https:\/\/sinprofaz.org.br\/2024\/wp-json\/wp\/v2\/media\/20802"}],"wp:attachment":[{"href":"https:\/\/sinprofaz.org.br\/2024\/wp-json\/wp\/v2\/media?parent=20801"}],"wp:term":[{"taxonomy":"category","embeddable":true,"href":"https:\/\/sinprofaz.org.br\/2024\/wp-json\/wp\/v2\/categories?post=20801"},{"taxonomy":"post_tag","embeddable":true,"href":"https:\/\/sinprofaz.org.br\/2024\/wp-json\/wp\/v2\/tags?post=20801"}],"curies":[{"name":"wp","href":"https:\/\/api.w.org\/{rel}","templated":true}]}}