{"id":2080,"date":"2015-02-03T10:40:24","date_gmt":"2015-02-03T10:40:24","guid":{"rendered":""},"modified":"-0001-11-30T00:00:00","modified_gmt":"-0001-11-30T03:00:00","slug":"vota-pfn-sinprofaz-divulga-resultado-da-segunda-fase-de-votacao","status":"publish","type":"post","link":"https:\/\/sinprofaz.org.br\/2024\/noticias\/vota-pfn-sinprofaz-divulga-resultado-da-segunda-fase-de-votacao\/","title":{"rendered":"Vota PFN: SINPROFAZ divulga resultado da segunda fase de vota\u00e7\u00e3o"},"content":{"rendered":"<p>Na segunda fase de vota\u00e7\u00e3o, os PFNs puderam votar em at\u00e9 tr\u00eas nomes das listas s\u00eaxtuplas -nacional e regional &#8211; formadas no primeiro escrut\u00ednio.<\/p>\n<p>A Diretoria do SINPROFAZ agradece pelo engajamento dos Colegas que atenderam \u00e0 chamada do Sindicato e sinalizaram, atrav\u00e9s do voto, os rumos que almejam para a Carreira.<\/p>\n<p>Veja aqui o desempenho eleitoral de todos os membros das listas s\u00eaxtuplas.<\/p>\n<table id=\"resultado\">\n<tbody>\n<tr>\n<td colspan=\"5\">\n<h3>Nacional<\/h3>\n<\/td>\n<\/tr>\n<tr class=\"colunas blocoF0\">\n<td>&nbsp;<\/td>\n<td>Votos<\/td>\n<td>Nome<\/td>\n<\/tr>\n<tr class=\"dados blocoF0\">\n<td class=\"menor laranja\">&nbsp;<\/td>\n<td>290<\/td>\n<td>FABRICIO DA SOLLER<\/td>\n<\/tr>\n<tr class=\"dados blocoF0\">\n<td class=\"menor laranja\">&nbsp;<\/td>\n<td>258<\/td>\n<td>ALDEMARIO ARAUJO CASTRO<\/td>\n<\/tr>\n<tr class=\"dados blocoF0\">\n<td class=\"menor laranja\">&nbsp;<\/td>\n<td>211<\/td>\n<td>ANELIZE LENZI RUAS DE ALMEIDA<\/td>\n<\/tr>\n<tr class=\"dados blocoF0\">\n<td class=\"menor laranja\">&nbsp;<\/td>\n<td>178<\/td>\n<td>LUIZ FERNANDO JUCA FILHO<\/td>\n<\/tr>\n<tr class=\"dados blocoF0\">\n<td class=\"menor laranja\">&nbsp;<\/td>\n<td>175<\/td>\n<td>PAULO RENATO GONZALEZ NARDELLI<\/td>\n<\/tr>\n<tr class=\"dados blocoF0\">\n<td class=\"menor laranja\">&nbsp;<\/td>\n<td>164<\/td>\n<td>AGOSTINHO DO NASCIMENTO NETTO<\/td>\n<\/tr>\n<tr>\n<td colspan=\"5\">\n<h3>1 \u00aa Regi\u00e3o<\/h3>\n<\/td>\n<\/tr>\n<tr class=\"colunas blocoR1\">\n<td>&nbsp;<\/td>\n<td>Votos<\/td>\n<td>Nome<\/td>\n<\/tr>\n<tr class=\"dados blocoR1\">\n<td class=\"menor laranja\">&nbsp;<\/td>\n<td>79<\/td>\n<td>CRISTINA LUISA HEDLER<\/td>\n<\/tr>\n<tr class=\"dados blocoR1\">\n<td class=\"menor laranja\">&nbsp;<\/td>\n<td>59<\/td>\n<td>ALDEMARIO ARAUJO CASTRO<\/td>\n<\/tr>\n<tr class=\"dados blocoR1\">\n<td class=\"menor laranja\">&nbsp;<\/td>\n<td>58<\/td>\n<td>PAULO RENATO GONZALEZ NARDELLI<\/td>\n<\/tr>\n<tr class=\"dados blocoR1\">\n<td class=\"menor laranja\">&nbsp;<\/td>\n<td>45<\/td>\n<td>IEDA APARECIDA DE MOURA CAGNI<\/td>\n<\/tr>\n<tr class=\"dados blocoR1\">\n<td class=\"menor laranja\">&nbsp;<\/td>\n<td>41<\/td>\n<td>DIOGO DOMINICI SORIANO<\/td>\n<\/tr>\n<tr class=\"dados blocoR1\">\n<td class=\"menor laranja\">&nbsp;<\/td>\n<td>32<\/td>\n<td>WAGNER JOSE MACIEL ROLLO<\/td>\n<\/tr>\n<tr class=\"dados blocoR1\">\n<td class=\"menor laranja\">&nbsp;<\/td>\n<td>30<\/td>\n<td>PAULO GUSTAVO BRASILEIRO DE MORAIS<\/td>\n<\/tr>\n<tr>\n<td colspan=\"5\">\n<h3>2 \u00aa Regi\u00e3o<\/h3>\n<\/td>\n<\/tr>\n<tr class=\"colunas blocoR2\">\n<td>&nbsp;<\/td>\n<td>Votos<\/td>\n<td>Nome<\/td>\n<\/tr>\n<tr class=\"dados blocoR2\">\n<td class=\"menor laranja\">&nbsp;<\/td>\n<td>31<\/td>\n<td>RAQUEL REBELO RAMOS DA SILVA<\/td>\n<\/tr>\n<tr class=\"dados blocoR2\">\n<td class=\"menor laranja\">&nbsp;<\/td>\n<td>28<\/td>\n<td>VINICIUS BRANDAO DE QUEIROZ<\/td>\n<\/tr>\n<tr class=\"dados blocoR2\">\n<td class=\"menor laranja\">&nbsp;<\/td>\n<td>25<\/td>\n<td>RICARDO OLIVEIRA PESSOA DE SOUZA<\/td>\n<\/tr>\n<tr class=\"dados blocoR2\">\n<td class=\"menor laranja\">&nbsp;<\/td>\n<td>24<\/td>\n<td>RONALDO CAMPOS E SILVA<\/td>\n<\/tr>\n<tr class=\"dados blocoR2\">\n<td class=\"menor laranja\">&nbsp;<\/td>\n<td>21<\/td>\n<td>AGOSTINHO DO NASCIMENTO NETTO<\/td>\n<\/tr>\n<tr class=\"dados blocoR2\">\n<td class=\"menor laranja\">&nbsp;<\/td>\n<td>20<\/td>\n<td>JOAO HENRIQUE CHAUFFAILLE GROGNET<\/td>\n<\/tr>\n<tr class=\"dados blocoR2\">\n<td class=\"menor laranja\">&nbsp;<\/td>\n<td>20<\/td>\n<td>SILVIO BASTOS ARAUJO<\/td>\n<\/tr>\n<tr class=\"dados blocoR2\">\n<td class=\"menor laranja\">&nbsp;<\/td>\n<td>9<\/td>\n<td>PAULO CESAR NEGRAO DE LACERDA<\/td>\n<\/tr>\n<tr>\n<td colspan=\"5\">\n<h3>3 \u00aa Regi\u00e3o<\/h3>\n<\/td>\n<\/tr>\n<tr class=\"colunas blocoR3\">\n<td>&nbsp;<\/td>\n<td>Votos<\/td>\n<td>Nome<\/td>\n<\/tr>\n<tr class=\"dados blocoR3\">\n<td class=\"menor laranja\">&nbsp;<\/td>\n<td>66<\/td>\n<td>ESTEFANO GIMENEZ NONATO<\/td>\n<\/tr>\n<tr class=\"dados blocoR3\">\n<td class=\"menor laranja\">&nbsp;<\/td>\n<td>62<\/td>\n<td>CATHERINY BACCARO NONATO<\/td>\n<\/tr>\n<tr class=\"dados blocoR3\">\n<td class=\"menor laranja\">&nbsp;<\/td>\n<td>61<\/td>\n<td>JOSE ROBERTO MARQUES COUTO<\/td>\n<\/tr>\n<tr class=\"dados blocoR3\">\n<td class=\"menor laranja\">&nbsp;<\/td>\n<td>45<\/td>\n<td>SIMONE APARECIDA VENCIGUERI AZEREDO<\/td>\n<\/tr>\n<tr class=\"dados blocoR3\">\n<td class=\"menor laranja\">&nbsp;<\/td>\n<td>39<\/td>\n<td>RENATO JIMENEZ MARIANNO<\/td>\n<\/tr>\n<tr class=\"dados blocoR3\">\n<td class=\"menor laranja\">&nbsp;<\/td>\n<td>34<\/td>\n<td>ALICE VITORIA FAZENDEIRO DE OLIVEIRA LEITE<\/td>\n<\/tr>\n<tr>\n<td colspan=\"5\">\n<h3>4 \u00aa Regi\u00e3o<\/h3>\n<\/td>\n<\/tr>\n<tr class=\"colunas blocoR4\">\n<td>&nbsp;<\/td>\n<td>Votos<\/td>\n<td>Nome<\/td>\n<\/tr>\n<tr class=\"dados blocoR4\">\n<td class=\"menor laranja\">&nbsp;<\/td>\n<td>57<\/td>\n<td>MARCIA APARECIDA COTTA<\/td>\n<\/tr>\n<tr class=\"dados blocoR4\">\n<td class=\"menor laranja\">&nbsp;<\/td>\n<td>42<\/td>\n<td>JOSE CARLOS COSTA LOCH<\/td>\n<\/tr>\n<tr class=\"dados blocoR4\">\n<td class=\"menor laranja\">&nbsp;<\/td>\n<td>40<\/td>\n<td>CARLOS EDUARDO WANDSCHEER<\/td>\n<\/tr>\n<tr class=\"dados blocoR4\">\n<td class=\"menor laranja\">&nbsp;<\/td>\n<td>38<\/td>\n<td>AIRTON BUENO JUNIOR<\/td>\n<\/tr>\n<tr class=\"dados blocoR4\">\n<td class=\"menor laranja\">&nbsp;<\/td>\n<td>36<\/td>\n<td>DOLIZETE FATIMA MICHELIN<\/td>\n<\/tr>\n<tr class=\"dados blocoR4\">\n<td class=\"menor laranja\">&nbsp;<\/td>\n<td>34<\/td>\n<td>SIMONE ANACLETO LOPES<\/td>\n<\/tr>\n<tr>\n<td colspan=\"5\">\n<h3>5 \u00aa Regi\u00e3o<\/h3>\n<\/td>\n<\/tr>\n<tr class=\"colunas blocoR5\">\n<td>&nbsp;<\/td>\n<td>Votos<\/td>\n<td>Nome<\/td>\n<\/tr>\n<tr class=\"dados blocoR5\">\n<td class=\"menor laranja\">&nbsp;<\/td>\n<td>44<\/td>\n<td>LUPERCIO CAMARGO SEVERO DE MACEDO<\/td>\n<\/tr>\n<tr class=\"dados blocoR5\">\n<td class=\"menor laranja\">&nbsp;<\/td>\n<td>44<\/td>\n<td>MARCOS ALEXANDRE TAVARES MARQUES MENDES<\/td>\n<\/tr>\n<tr class=\"dados blocoR5\">\n<td class=\"menor laranja\">&nbsp;<\/td>\n<td>41<\/td>\n<td>CESAR VERZULEI LIMA SOARES DE OLIVEIRA<\/td>\n<\/tr>\n<tr class=\"dados blocoR5\">\n<td class=\"menor laranja\">&nbsp;<\/td>\n<td>41<\/td>\n<td>RAQUEL TERESA MARTINS PERUCH BORGES<\/td>\n<\/tr>\n<tr class=\"dados blocoR5\">\n<td class=\"menor laranja\">&nbsp;<\/td>\n<td>38<\/td>\n<td>DANIEL DE SABOIA XAVIER<\/td>\n<\/tr>\n<tr class=\"dados blocoR5\">\n<td class=\"menor laranja\">&nbsp;<\/td>\n<td>34<\/td>\n<td>CRISTIANO NEUENSCHWANDER LINS DE MORAIS<\/td>\n<\/tr>\n<\/tbody>\n<\/table>\n","protected":false},"excerpt":{"rendered":"<p>A vota\u00e7\u00e3o foi encerrada \u00e0s 24h desta segunda-feira, 02\/02, e contou com a participa\u00e7\u00e3o de 544 Colegas PFNs que validaram suas escolhas no site \u201cVota PFN\u201d.<\/p>\n","protected":false},"author":1,"featured_media":0,"comment_status":"closed","ping_status":"open","sticky":false,"template":"","format":"standard","meta":{"footnotes":""},"categories":[8],"tags":[],"featured_image_url":"https:\/\/dummyimage.com\/720x400","character_count":1104,"formatted_date":"03\/02\/2015 - 10:40","contentNovo":"\r\n<p>Na segunda fase de vota\u00e7\u00e3o, os PFNs puderam votar em at\u00e9 tr\u00eas nomes das listas s\u00eaxtuplas -nacional e regional - formadas no primeiro escrut\u00ednio.<\/p>\r\n<p>A Diretoria do SINPROFAZ agradece pelo engajamento dos Colegas que atenderam \u00e0 chamada do Sindicato e sinalizaram, atrav\u00e9s do voto, os rumos que almejam para a Carreira.<\/p>\r\n<p>Veja aqui o desempenho eleitoral de todos os membros das listas s\u00eaxtuplas.<\/p>\r\n\r\n\r\n\r\n\r\nNacional\r\n\r\n\r\n\r\n&nbsp;\r\nVotos\r\nNome\r\n\r\n\r\n&nbsp;\r\n290\r\nFABRICIO DA SOLLER\r\n\r\n\r\n&nbsp;\r\n258\r\nALDEMARIO ARAUJO CASTRO\r\n\r\n\r\n&nbsp;\r\n211\r\nANELIZE LENZI RUAS DE ALMEIDA\r\n\r\n\r\n&nbsp;\r\n178\r\nLUIZ FERNANDO JUCA FILHO\r\n\r\n\r\n&nbsp;\r\n175\r\nPAULO RENATO GONZALEZ NARDELLI\r\n\r\n\r\n&nbsp;\r\n164\r\nAGOSTINHO DO NASCIMENTO NETTO\r\n\r\n\r\n\r\n1 \u00aa Regi\u00e3o\r\n\r\n\r\n\r\n&nbsp;\r\nVotos\r\nNome\r\n\r\n\r\n&nbsp;\r\n79\r\nCRISTINA LUISA HEDLER\r\n\r\n\r\n&nbsp;\r\n59\r\nALDEMARIO ARAUJO CASTRO\r\n\r\n\r\n&nbsp;\r\n58\r\nPAULO RENATO GONZALEZ NARDELLI\r\n\r\n\r\n&nbsp;\r\n45\r\nIEDA APARECIDA DE MOURA CAGNI\r\n\r\n\r\n&nbsp;\r\n41\r\nDIOGO DOMINICI SORIANO\r\n\r\n\r\n&nbsp;\r\n32\r\nWAGNER JOSE MACIEL ROLLO\r\n\r\n\r\n&nbsp;\r\n30\r\nPAULO GUSTAVO BRASILEIRO DE MORAIS\r\n\r\n\r\n\r\n2 \u00aa Regi\u00e3o\r\n\r\n\r\n\r\n&nbsp;\r\nVotos\r\nNome\r\n\r\n\r\n&nbsp;\r\n31\r\nRAQUEL REBELO RAMOS DA SILVA\r\n\r\n\r\n&nbsp;\r\n28\r\nVINICIUS BRANDAO DE QUEIROZ\r\n\r\n\r\n&nbsp;\r\n25\r\nRICARDO OLIVEIRA PESSOA DE SOUZA\r\n\r\n\r\n&nbsp;\r\n24\r\nRONALDO CAMPOS E SILVA\r\n\r\n\r\n&nbsp;\r\n21\r\nAGOSTINHO DO NASCIMENTO NETTO\r\n\r\n\r\n&nbsp;\r\n20\r\nJOAO HENRIQUE CHAUFFAILLE GROGNET\r\n\r\n\r\n&nbsp;\r\n20\r\nSILVIO BASTOS ARAUJO\r\n\r\n\r\n&nbsp;\r\n9\r\nPAULO CESAR NEGRAO DE LACERDA\r\n\r\n\r\n\r\n3 \u00aa Regi\u00e3o\r\n\r\n\r\n\r\n&nbsp;\r\nVotos\r\nNome\r\n\r\n\r\n&nbsp;\r\n66\r\nESTEFANO GIMENEZ NONATO\r\n\r\n\r\n&nbsp;\r\n62\r\nCATHERINY BACCARO NONATO\r\n\r\n\r\n&nbsp;\r\n61\r\nJOSE ROBERTO MARQUES COUTO\r\n\r\n\r\n&nbsp;\r\n45\r\nSIMONE APARECIDA VENCIGUERI AZEREDO\r\n\r\n\r\n&nbsp;\r\n39\r\nRENATO JIMENEZ MARIANNO\r\n\r\n\r\n&nbsp;\r\n34\r\nALICE VITORIA FAZENDEIRO DE OLIVEIRA LEITE\r\n\r\n\r\n\r\n4 \u00aa Regi\u00e3o\r\n\r\n\r\n\r\n&nbsp;\r\nVotos\r\nNome\r\n\r\n\r\n&nbsp;\r\n57\r\nMARCIA APARECIDA COTTA\r\n\r\n\r\n&nbsp;\r\n42\r\nJOSE CARLOS COSTA LOCH\r\n\r\n\r\n&nbsp;\r\n40\r\nCARLOS EDUARDO WANDSCHEER\r\n\r\n\r\n&nbsp;\r\n38\r\nAIRTON BUENO JUNIOR\r\n\r\n\r\n&nbsp;\r\n36\r\nDOLIZETE FATIMA MICHELIN\r\n\r\n\r\n&nbsp;\r\n34\r\nSIMONE ANACLETO LOPES\r\n\r\n\r\n\r\n5 \u00aa Regi\u00e3o\r\n\r\n\r\n\r\n&nbsp;\r\nVotos\r\nNome\r\n\r\n\r\n&nbsp;\r\n44\r\nLUPERCIO CAMARGO SEVERO DE MACEDO\r\n\r\n\r\n&nbsp;\r\n44\r\nMARCOS ALEXANDRE TAVARES MARQUES MENDES\r\n\r\n\r\n&nbsp;\r\n41\r\nCESAR VERZULEI LIMA SOARES DE OLIVEIRA\r\n\r\n\r\n&nbsp;\r\n41\r\nRAQUEL TERESA MARTINS PERUCH BORGES\r\n\r\n\r\n&nbsp;\r\n38\r\nDANIEL DE SABOIA XAVIER\r\n\r\n\r\n&nbsp;\r\n34\r\nCRISTIANO NEUENSCHWANDER LINS DE MORAIS\r\n\r\n\r\n","_links":{"self":[{"href":"https:\/\/sinprofaz.org.br\/2024\/wp-json\/wp\/v2\/posts\/2080"}],"collection":[{"href":"https:\/\/sinprofaz.org.br\/2024\/wp-json\/wp\/v2\/posts"}],"about":[{"href":"https:\/\/sinprofaz.org.br\/2024\/wp-json\/wp\/v2\/types\/post"}],"author":[{"embeddable":true,"href":"https:\/\/sinprofaz.org.br\/2024\/wp-json\/wp\/v2\/users\/1"}],"replies":[{"embeddable":true,"href":"https:\/\/sinprofaz.org.br\/2024\/wp-json\/wp\/v2\/comments?post=2080"}],"version-history":[{"count":0,"href":"https:\/\/sinprofaz.org.br\/2024\/wp-json\/wp\/v2\/posts\/2080\/revisions"}],"wp:attachment":[{"href":"https:\/\/sinprofaz.org.br\/2024\/wp-json\/wp\/v2\/media?parent=2080"}],"wp:term":[{"taxonomy":"category","embeddable":true,"href":"https:\/\/sinprofaz.org.br\/2024\/wp-json\/wp\/v2\/categories?post=2080"},{"taxonomy":"post_tag","embeddable":true,"href":"https:\/\/sinprofaz.org.br\/2024\/wp-json\/wp\/v2\/tags?post=2080"}],"curies":[{"name":"wp","href":"https:\/\/api.w.org\/{rel}","templated":true}]}}