{"id":20791,"date":"2026-04-23T15:22:25","date_gmt":"2026-04-23T18:22:25","guid":{"rendered":"https:\/\/sinprofaz.org.br\/2024\/?p=20791"},"modified":"2026-04-23T15:22:25","modified_gmt":"2026-04-23T18:22:25","slug":"sinprofaz-destaca-lancamento-de-obras-sobre-direito-publico-e-analise-economica-do-direito","status":"publish","type":"post","link":"https:\/\/sinprofaz.org.br\/2024\/noticias\/sinprofaz-destaca-lancamento-de-obras-sobre-direito-publico-e-analise-economica-do-direito\/","title":{"rendered":"Sinprofaz destaca lan\u00e7amento de obras sobre Direito P\u00fablico e An\u00e1lise Econ\u00f4mica do Direito"},"content":{"rendered":"<p>O Sindicato Nacional dos Procuradores da Fazenda Nacional (Sinprofaz) destaca o lan\u00e7amento de duas obras que contribuem para o aprofundamento do debate jur\u00eddico contempor\u00e2neo: \u201cTributa\u00e7\u00e3o e Direito P\u00fablico: Estudos da Fazenda Nacional\u201d e \u201cAn\u00e1lise Econ\u00f4mica do Direito: Fundamentos para uma Abordagem Multidisciplinar\u201d.<\/p>\n<p>As publica\u00e7\u00f5es re\u00fanem reflex\u00f5es de especialistas sobre temas centrais da atua\u00e7\u00e3o estatal, abrangendo desde quest\u00f5es tribut\u00e1rias e fiscais at\u00e9 os impactos econ\u00f4micos das decis\u00f5es jur\u00eddicas. Com abordagem te\u00f3rica e pr\u00e1tica, as obras dialogam com os desafios atuais do Direito, refor\u00e7ando a import\u00e2ncia de uma atua\u00e7\u00e3o cada vez mais t\u00e9cnica, interdisciplinar e alinhada ao interesse p\u00fablico.<\/p>\n<p>Os livros contam com a participa\u00e7\u00e3o de autores com ampla experi\u00eancia acad\u00eamica e institucional, oferecendo relevante contribui\u00e7\u00e3o para o desenvolvimento da advocacia p\u00fablica e para o fortalecimento do debate sobre o sistema jur\u00eddico brasileiro.<\/p>\n<p>O Sinprofaz parabeniza o PFN Claudio Seefelder pela coordena\u00e7\u00e3o das iniciativas, que ampliam o conhecimento e estimulam reflex\u00f5es relevantes para a atua\u00e7\u00e3o no \u00e2mbito da Fazenda Nacional e da Advocacia P\u00fablica.<\/p>\n","protected":false},"excerpt":{"rendered":"<p>Livros exploram a interface entre Direito e Economia, com reflex\u00f5es sobre os desafios contempor\u00e2neos da atua\u00e7\u00e3o p\u00fablica.<\/p>\n","protected":false},"author":2,"featured_media":20792,"comment_status":"open","ping_status":"open","sticky":false,"template":"","format":"standard","meta":{"footnotes":""},"categories":[8],"tags":[595,381,597,596,598,135,594],"featured_image_url":"https:\/\/sinprofaz.org.br\/2024\/wp-content\/uploads\/2026\/04\/sinprofaz-logo-e-fundo.png","character_count":607,"formatted_date":"23\/04\/2026 - 15:22","contentNovo":"O Sindicato Nacional dos Procuradores da Fazenda Nacional (Sinprofaz) destaca o lan\u00e7amento de duas obras que contribuem para o aprofundamento do debate jur\u00eddico contempor\u00e2neo: \u201cTributa\u00e7\u00e3o e Direito P\u00fablico: Estudos da Fazenda Nacional\u201d e \u201cAn\u00e1lise Econ\u00f4mica do Direito: Fundamentos para uma Abordagem Multidisciplinar\u201d.\r\n\r\nAs publica\u00e7\u00f5es re\u00fanem reflex\u00f5es de especialistas sobre temas centrais da atua\u00e7\u00e3o estatal, abrangendo desde quest\u00f5es tribut\u00e1rias e fiscais at\u00e9 os impactos econ\u00f4micos das decis\u00f5es jur\u00eddicas. Com abordagem te\u00f3rica e pr\u00e1tica, as obras dialogam com os desafios atuais do Direito, refor\u00e7ando a import\u00e2ncia de uma atua\u00e7\u00e3o cada vez mais t\u00e9cnica, interdisciplinar e alinhada ao interesse p\u00fablico.\r\n\r\nOs livros contam com a participa\u00e7\u00e3o de autores com ampla experi\u00eancia acad\u00eamica e institucional, oferecendo relevante contribui\u00e7\u00e3o para o desenvolvimento da advocacia p\u00fablica e para o fortalecimento do debate sobre o sistema jur\u00eddico brasileiro.\r\n\r\nO Sinprofaz parabeniza o PFN Claudio Seefelder pela coordena\u00e7\u00e3o das iniciativas, que ampliam o conhecimento e estimulam reflex\u00f5es relevantes para a atua\u00e7\u00e3o no \u00e2mbito da Fazenda Nacional e da Advocacia P\u00fablica.","_links":{"self":[{"href":"https:\/\/sinprofaz.org.br\/2024\/wp-json\/wp\/v2\/posts\/20791"}],"collection":[{"href":"https:\/\/sinprofaz.org.br\/2024\/wp-json\/wp\/v2\/posts"}],"about":[{"href":"https:\/\/sinprofaz.org.br\/2024\/wp-json\/wp\/v2\/types\/post"}],"author":[{"embeddable":true,"href":"https:\/\/sinprofaz.org.br\/2024\/wp-json\/wp\/v2\/users\/2"}],"replies":[{"embeddable":true,"href":"https:\/\/sinprofaz.org.br\/2024\/wp-json\/wp\/v2\/comments?post=20791"}],"version-history":[{"count":1,"href":"https:\/\/sinprofaz.org.br\/2024\/wp-json\/wp\/v2\/posts\/20791\/revisions"}],"predecessor-version":[{"id":20793,"href":"https:\/\/sinprofaz.org.br\/2024\/wp-json\/wp\/v2\/posts\/20791\/revisions\/20793"}],"wp:featuredmedia":[{"embeddable":true,"href":"https:\/\/sinprofaz.org.br\/2024\/wp-json\/wp\/v2\/media\/20792"}],"wp:attachment":[{"href":"https:\/\/sinprofaz.org.br\/2024\/wp-json\/wp\/v2\/media?parent=20791"}],"wp:term":[{"taxonomy":"category","embeddable":true,"href":"https:\/\/sinprofaz.org.br\/2024\/wp-json\/wp\/v2\/categories?post=20791"},{"taxonomy":"post_tag","embeddable":true,"href":"https:\/\/sinprofaz.org.br\/2024\/wp-json\/wp\/v2\/tags?post=20791"}],"curies":[{"name":"wp","href":"https:\/\/api.w.org\/{rel}","templated":true}]}}