{"id":20778,"date":"2026-04-15T18:32:59","date_gmt":"2026-04-15T21:32:59","guid":{"rendered":"https:\/\/sinprofaz.org.br\/2024\/?p=20778"},"modified":"2026-04-15T18:32:59","modified_gmt":"2026-04-15T21:32:59","slug":"sinprofaz-acompanha-lancamento-de-mestrado-profissional-da-agu-voltado-a-advocacia-publica","status":"publish","type":"post","link":"https:\/\/sinprofaz.org.br\/2024\/noticias\/sinprofaz-acompanha-lancamento-de-mestrado-profissional-da-agu-voltado-a-advocacia-publica\/","title":{"rendered":"Sinprofaz acompanha lan\u00e7amento de mestrado profissional da AGU voltado \u00e0 Advocacia P\u00fablica"},"content":{"rendered":"<p>O Sindicato Nacional dos Procuradores da Fazenda Nacional (Sinprofaz) acompanhou, nesta quarta-feira (15), o lan\u00e7amento do Mestrado Profissional em Direito e Advocacia P\u00fablica, promovido pela Advocacia-Geral da Uni\u00e3o.<\/p>\n<p>Realizado na sede da Escola Superior da AGU, em Bras\u00edlia, o evento contou com a presen\u00e7a do advogado-geral da Uni\u00e3o, Jorge Messias, do ex-advogado-geral Bruno Bianco Leal e do diretor-geral da institui\u00e7\u00e3o, Jo\u00e3o Carlos Souto. A aula magna foi ministrada pelo ministro do Supremo Tribunal Federal, Andr\u00e9 Mendon\u00e7a, que destacou a import\u00e2ncia da qualifica\u00e7\u00e3o cont\u00ednua para o fortalecimento da atua\u00e7\u00e3o jur\u00eddica no setor p\u00fablico e para o aprimoramento da governan\u00e7a estatal.<\/p>\n<p>Representando o Sindicato, estiveram presentes a presidente, Val\u00e9ria Ferreira, o diretor administrativo Rodrigo Mellet e o diretor jur\u00eddico Paulo Roberto, que acompanharam a cerim\u00f4nia de apresenta\u00e7\u00e3o. O programa \u00e9 reconhecido pelo Minist\u00e9rio da Educa\u00e7\u00e3o e voltado \u00e0 forma\u00e7\u00e3o qualificada de membros da Advocacia P\u00fablica.<\/p>\n<p>Com aulas presenciais, o mestrado tem como proposta impulsionar a produ\u00e7\u00e3o acad\u00eamica aplicada, fomentar solu\u00e7\u00f5es jur\u00eddicas inovadoras e fortalecer a atua\u00e7\u00e3o t\u00e9cnica e estrat\u00e9gica da Advocacia P\u00fablica. A iniciativa marca um avan\u00e7o relevante na forma\u00e7\u00e3o de profissionais comprometidos com o interesse p\u00fablico e com a seguran\u00e7a jur\u00eddica na Administra\u00e7\u00e3o.<\/p>\n<p>As inscri\u00e7\u00f5es para o processo seletivo seguem abertas at\u00e9 15 de maio de 2026.<\/p>\n\n\t\t<style type=\"text\/css\">\n\t\t\t#gallery-1 {\n\t\t\t\tmargin: auto;\n\t\t\t}\n\t\t\t#gallery-1 .gallery-item {\n\t\t\t\tfloat: left;\n\t\t\t\tmargin-top: 10px;\n\t\t\t\ttext-align: center;\n\t\t\t\twidth: 33%;\n\t\t\t}\n\t\t\t#gallery-1 img {\n\t\t\t\tborder: 2px solid #cfcfcf;\n\t\t\t}\n\t\t\t#gallery-1 .gallery-caption {\n\t\t\t\tmargin-left: 0;\n\t\t\t}\n\t\t\t\/* see gallery_shortcode() in wp-includes\/media.php *\/\n\t\t<\/style>\n\t\t<div id='gallery-1' class='gallery galleryid-20778 gallery-columns-3 gallery-size-thumbnail'><dl class='gallery-item'>\n\t\t\t<dt class='gallery-icon landscape'>\n\t\t\t\t<a href='https:\/\/sinprofaz.org.br\/2024\/wp-content\/uploads\/2026\/04\/Messias-ao-STF-6-1.png'><img loading=\"lazy\" decoding=\"async\" width=\"150\" height=\"150\" src=\"https:\/\/sinprofaz.org.br\/2024\/wp-content\/uploads\/2026\/04\/Messias-ao-STF-6-1-150x150.png\" class=\"attachment-thumbnail size-thumbnail\" alt=\"\" \/><\/a>\n\t\t\t<\/dt><\/dl><dl class='gallery-item'>\n\t\t\t<dt class='gallery-icon landscape'>\n\t\t\t\t<a href='https:\/\/sinprofaz.org.br\/2024\/wp-content\/uploads\/2026\/04\/Messias-ao-STF-7-1.png'><img loading=\"lazy\" decoding=\"async\" width=\"150\" height=\"150\" src=\"https:\/\/sinprofaz.org.br\/2024\/wp-content\/uploads\/2026\/04\/Messias-ao-STF-7-1-150x150.png\" class=\"attachment-thumbnail size-thumbnail\" alt=\"\" \/><\/a>\n\t\t\t<\/dt><\/dl><dl class='gallery-item'>\n\t\t\t<dt class='gallery-icon landscape'>\n\t\t\t\t<a href='https:\/\/sinprofaz.org.br\/2024\/wp-content\/uploads\/2026\/04\/Messias-ao-STF-8-1.png'><img loading=\"lazy\" decoding=\"async\" width=\"150\" height=\"150\" src=\"https:\/\/sinprofaz.org.br\/2024\/wp-content\/uploads\/2026\/04\/Messias-ao-STF-8-1-150x150.png\" class=\"attachment-thumbnail size-thumbnail\" alt=\"\" \/><\/a>\n\t\t\t<\/dt><\/dl><br style=\"clear: both\" \/><dl class='gallery-item'>\n\t\t\t<dt class='gallery-icon landscape'>\n\t\t\t\t<a href='https:\/\/sinprofaz.org.br\/2024\/wp-content\/uploads\/2026\/04\/Messias-ao-STF-9-1.png'><img loading=\"lazy\" decoding=\"async\" width=\"150\" height=\"150\" src=\"https:\/\/sinprofaz.org.br\/2024\/wp-content\/uploads\/2026\/04\/Messias-ao-STF-9-1-150x150.png\" class=\"attachment-thumbnail size-thumbnail\" alt=\"\" \/><\/a>\n\t\t\t<\/dt><\/dl><dl class='gallery-item'>\n\t\t\t<dt class='gallery-icon landscape'>\n\t\t\t\t<a href='https:\/\/sinprofaz.org.br\/2024\/wp-content\/uploads\/2026\/04\/Messias-ao-STF-10-1.png'><img loading=\"lazy\" decoding=\"async\" width=\"150\" height=\"150\" src=\"https:\/\/sinprofaz.org.br\/2024\/wp-content\/uploads\/2026\/04\/Messias-ao-STF-10-1-150x150.png\" class=\"attachment-thumbnail size-thumbnail\" alt=\"\" \/><\/a>\n\t\t\t<\/dt><\/dl><dl class='gallery-item'>\n\t\t\t<dt class='gallery-icon landscape'>\n\t\t\t\t<a href='https:\/\/sinprofaz.org.br\/2024\/wp-content\/uploads\/2026\/04\/Messias-ao-STF-11-1.png'><img loading=\"lazy\" decoding=\"async\" width=\"150\" height=\"150\" src=\"https:\/\/sinprofaz.org.br\/2024\/wp-content\/uploads\/2026\/04\/Messias-ao-STF-11-1-150x150.png\" class=\"attachment-thumbnail size-thumbnail\" alt=\"\" \/><\/a>\n\t\t\t<\/dt><\/dl><br style=\"clear: both\" \/><dl class='gallery-item'>\n\t\t\t<dt class='gallery-icon landscape'>\n\t\t\t\t<a href='https:\/\/sinprofaz.org.br\/2024\/wp-content\/uploads\/2026\/04\/reunioes-estrategicas-1-1.png'><img loading=\"lazy\" decoding=\"async\" width=\"150\" height=\"150\" src=\"https:\/\/sinprofaz.org.br\/2024\/wp-content\/uploads\/2026\/04\/reunioes-estrategicas-1-1-150x150.png\" class=\"attachment-thumbnail size-thumbnail\" alt=\"\" \/><\/a>\n\t\t\t<\/dt><\/dl><dl class='gallery-item'>\n\t\t\t<dt class='gallery-icon landscape'>\n\t\t\t\t<a href='https:\/\/sinprofaz.org.br\/2024\/wp-content\/uploads\/2026\/04\/reunioes-estrategicas-2-2.png'><img loading=\"lazy\" decoding=\"async\" width=\"150\" height=\"150\" src=\"https:\/\/sinprofaz.org.br\/2024\/wp-content\/uploads\/2026\/04\/reunioes-estrategicas-2-2-150x150.png\" class=\"attachment-thumbnail size-thumbnail\" alt=\"\" \/><\/a>\n\t\t\t<\/dt><\/dl><dl class='gallery-item'>\n\t\t\t<dt class='gallery-icon landscape'>\n\t\t\t\t<a href='https:\/\/sinprofaz.org.br\/2024\/wp-content\/uploads\/2026\/04\/reunioes-estrategicas-2-1.png'><img loading=\"lazy\" decoding=\"async\" width=\"150\" height=\"150\" src=\"https:\/\/sinprofaz.org.br\/2024\/wp-content\/uploads\/2026\/04\/reunioes-estrategicas-2-1-150x150.png\" class=\"attachment-thumbnail size-thumbnail\" alt=\"\" \/><\/a>\n\t\t\t<\/dt><\/dl><br style=\"clear: both\" \/><dl class='gallery-item'>\n\t\t\t<dt class='gallery-icon landscape'>\n\t\t\t\t<a href='https:\/\/sinprofaz.org.br\/2024\/wp-content\/uploads\/2026\/04\/reunioes-estrategicas-3-1.png'><img loading=\"lazy\" decoding=\"async\" width=\"150\" height=\"150\" src=\"https:\/\/sinprofaz.org.br\/2024\/wp-content\/uploads\/2026\/04\/reunioes-estrategicas-3-1-150x150.png\" class=\"attachment-thumbnail size-thumbnail\" alt=\"\" \/><\/a>\n\t\t\t<\/dt><\/dl>\n\t\t\t<br style='clear: both' \/>\n\t\t<\/div>\n\n","protected":false},"excerpt":{"rendered":"<p>Programa \u00e9 voltado \u00e0 qualifica\u00e7\u00e3o de membros da Advocacia P\u00fablica e ao fortalecimento da atua\u00e7\u00e3o jur\u00eddica no setor p\u00fablico<\/p>\n","protected":false},"author":2,"featured_media":20785,"comment_status":"open","ping_status":"open","sticky":false,"template":"","format":"standard","meta":{"footnotes":""},"categories":[8],"tags":[34,278,43,590,584,585,591,589,592,588,593,477,586,263,587,135],"featured_image_url":"https:\/\/sinprofaz.org.br\/2024\/wp-content\/uploads\/2026\/04\/Messias-ao-STF-12-1.png","character_count":983,"formatted_date":"15\/04\/2026 - 18:32","contentNovo":"O Sindicato Nacional dos Procuradores da Fazenda Nacional (Sinprofaz) acompanhou, nesta quarta-feira (15), o lan\u00e7amento do Mestrado Profissional em Direito e Advocacia P\u00fablica, promovido pela Advocacia-Geral da Uni\u00e3o.\r\n\r\nRealizado na sede da Escola Superior da AGU, em Bras\u00edlia, o evento contou com a presen\u00e7a do advogado-geral da Uni\u00e3o, Jorge Messias, do ex-advogado-geral Bruno Bianco Leal e do diretor-geral da institui\u00e7\u00e3o, Jo\u00e3o Carlos Souto. A aula magna foi ministrada pelo ministro do Supremo Tribunal Federal, Andr\u00e9 Mendon\u00e7a, que destacou a import\u00e2ncia da qualifica\u00e7\u00e3o cont\u00ednua para o fortalecimento da atua\u00e7\u00e3o jur\u00eddica no setor p\u00fablico e para o aprimoramento da governan\u00e7a estatal.\r\n\r\nRepresentando o Sindicato, estiveram presentes a presidente, Val\u00e9ria Ferreira, o diretor administrativo Rodrigo Mellet e o diretor jur\u00eddico Paulo Roberto, que acompanharam a cerim\u00f4nia de apresenta\u00e7\u00e3o. O programa \u00e9 reconhecido pelo Minist\u00e9rio da Educa\u00e7\u00e3o e voltado \u00e0 forma\u00e7\u00e3o qualificada de membros da Advocacia P\u00fablica.\r\n\r\nCom aulas presenciais, o mestrado tem como proposta impulsionar a produ\u00e7\u00e3o acad\u00eamica aplicada, fomentar solu\u00e7\u00f5es jur\u00eddicas inovadoras e fortalecer a atua\u00e7\u00e3o t\u00e9cnica e estrat\u00e9gica da Advocacia P\u00fablica. A iniciativa marca um avan\u00e7o relevante na forma\u00e7\u00e3o de profissionais comprometidos com o interesse p\u00fablico e com a seguran\u00e7a jur\u00eddica na Administra\u00e7\u00e3o.\r\n\r\nAs inscri\u00e7\u00f5es para o processo seletivo seguem abertas at\u00e9 15 de maio de 2026.\r\n\r\n[gallery link=\"file\" ids=\"20779,20780,20781,20782,20783,20784,20786,20787,20788,20789\"]","_links":{"self":[{"href":"https:\/\/sinprofaz.org.br\/2024\/wp-json\/wp\/v2\/posts\/20778"}],"collection":[{"href":"https:\/\/sinprofaz.org.br\/2024\/wp-json\/wp\/v2\/posts"}],"about":[{"href":"https:\/\/sinprofaz.org.br\/2024\/wp-json\/wp\/v2\/types\/post"}],"author":[{"embeddable":true,"href":"https:\/\/sinprofaz.org.br\/2024\/wp-json\/wp\/v2\/users\/2"}],"replies":[{"embeddable":true,"href":"https:\/\/sinprofaz.org.br\/2024\/wp-json\/wp\/v2\/comments?post=20778"}],"version-history":[{"count":1,"href":"https:\/\/sinprofaz.org.br\/2024\/wp-json\/wp\/v2\/posts\/20778\/revisions"}],"predecessor-version":[{"id":20790,"href":"https:\/\/sinprofaz.org.br\/2024\/wp-json\/wp\/v2\/posts\/20778\/revisions\/20790"}],"wp:featuredmedia":[{"embeddable":true,"href":"https:\/\/sinprofaz.org.br\/2024\/wp-json\/wp\/v2\/media\/20785"}],"wp:attachment":[{"href":"https:\/\/sinprofaz.org.br\/2024\/wp-json\/wp\/v2\/media?parent=20778"}],"wp:term":[{"taxonomy":"category","embeddable":true,"href":"https:\/\/sinprofaz.org.br\/2024\/wp-json\/wp\/v2\/categories?post=20778"},{"taxonomy":"post_tag","embeddable":true,"href":"https:\/\/sinprofaz.org.br\/2024\/wp-json\/wp\/v2\/tags?post=20778"}],"curies":[{"name":"wp","href":"https:\/\/api.w.org\/{rel}","templated":true}]}}