{"id":20773,"date":"2026-04-15T17:51:40","date_gmt":"2026-04-15T20:51:40","guid":{"rendered":"https:\/\/sinprofaz.org.br\/2024\/?p=20773"},"modified":"2026-04-15T17:54:16","modified_gmt":"2026-04-15T20:54:16","slug":"sinprofaz-realiza-despacho-com-o-deputado-ze-trovao","status":"publish","type":"post","link":"https:\/\/sinprofaz.org.br\/2024\/noticias\/sinprofaz-realiza-despacho-com-o-deputado-ze-trovao\/","title":{"rendered":"Sinprofaz realiza despacho com o deputado Z\u00e9 Trov\u00e3o"},"content":{"rendered":"<p>O Sindicato Nacional dos Procuradores da Fazenda Nacional (Sinprofaz) se reuniu, nesta ter\u00e7a-feira (14), com o coordenador da bancada do PL na CCJ da C\u00e2mara dos Deputados, deputado Z\u00e9 Trov\u00e3o, para tratar de pautas de interesse da Advocacia P\u00fablica Federal.<\/p>\n<p>Representaram o Sindicato o vice-presidente Alexandre Torres e o procurador da Fazenda Nacional Francisco Sab\u00f3ia.<\/p>\n<p>O parlamentar destacou a produtividade do di\u00e1logo.<\/p>\n\n\t\t<style type=\"text\/css\">\n\t\t\t#gallery-1 {\n\t\t\t\tmargin: auto;\n\t\t\t}\n\t\t\t#gallery-1 .gallery-item {\n\t\t\t\tfloat: left;\n\t\t\t\tmargin-top: 10px;\n\t\t\t\ttext-align: center;\n\t\t\t\twidth: 33%;\n\t\t\t}\n\t\t\t#gallery-1 img {\n\t\t\t\tborder: 2px solid #cfcfcf;\n\t\t\t}\n\t\t\t#gallery-1 .gallery-caption {\n\t\t\t\tmargin-left: 0;\n\t\t\t}\n\t\t\t\/* see gallery_shortcode() in wp-includes\/media.php *\/\n\t\t<\/style>\n\t\t<div id='gallery-1' class='gallery galleryid-20773 gallery-columns-3 gallery-size-thumbnail'><dl class='gallery-item'>\n\t\t\t<dt class='gallery-icon landscape'>\n\t\t\t\t<a href='https:\/\/sinprofaz.org.br\/2024\/wp-content\/uploads\/2026\/04\/sinprofaz-reunioes-estrategicas-2.png'><img loading=\"lazy\" decoding=\"async\" width=\"150\" height=\"150\" src=\"https:\/\/sinprofaz.org.br\/2024\/wp-content\/uploads\/2026\/04\/sinprofaz-reunioes-estrategicas-2-150x150.png\" class=\"attachment-thumbnail size-thumbnail\" alt=\"\" \/><\/a>\n\t\t\t<\/dt><\/dl>\n\t\t\t<br style='clear: both' \/>\n\t\t<\/div>\n\n","protected":false},"excerpt":{"rendered":"<p>O parlamentar destacou a produtividade do encontro. Saiba mais!<\/p>\n","protected":false},"author":2,"featured_media":20775,"comment_status":"open","ping_status":"open","sticky":false,"template":"","format":"standard","meta":{"footnotes":""},"categories":[8],"tags":[66,48,583,458,135,582],"featured_image_url":"https:\/\/sinprofaz.org.br\/2024\/wp-content\/uploads\/2026\/04\/sinprofaz-reunioes-estrategicas-1.png","character_count":393,"formatted_date":"15\/04\/2026 - 17:51","contentNovo":"O Sindicato Nacional dos Procuradores da Fazenda Nacional (Sinprofaz) se reuniu, nesta ter\u00e7a-feira (14), com o coordenador da bancada do PL na CCJ da C\u00e2mara dos Deputados, deputado Z\u00e9 Trov\u00e3o, para tratar de pautas de interesse da Advocacia P\u00fablica Federal.\r\n\r\nRepresentaram o Sindicato o vice-presidente Alexandre Torres e o procurador da Fazenda Nacional Francisco Sab\u00f3ia.\r\n\r\nO parlamentar destacou a produtividade do di\u00e1logo.\r\n\r\n[gallery link=\"file\" ids=\"20774\"]","_links":{"self":[{"href":"https:\/\/sinprofaz.org.br\/2024\/wp-json\/wp\/v2\/posts\/20773"}],"collection":[{"href":"https:\/\/sinprofaz.org.br\/2024\/wp-json\/wp\/v2\/posts"}],"about":[{"href":"https:\/\/sinprofaz.org.br\/2024\/wp-json\/wp\/v2\/types\/post"}],"author":[{"embeddable":true,"href":"https:\/\/sinprofaz.org.br\/2024\/wp-json\/wp\/v2\/users\/2"}],"replies":[{"embeddable":true,"href":"https:\/\/sinprofaz.org.br\/2024\/wp-json\/wp\/v2\/comments?post=20773"}],"version-history":[{"count":2,"href":"https:\/\/sinprofaz.org.br\/2024\/wp-json\/wp\/v2\/posts\/20773\/revisions"}],"predecessor-version":[{"id":20777,"href":"https:\/\/sinprofaz.org.br\/2024\/wp-json\/wp\/v2\/posts\/20773\/revisions\/20777"}],"wp:featuredmedia":[{"embeddable":true,"href":"https:\/\/sinprofaz.org.br\/2024\/wp-json\/wp\/v2\/media\/20775"}],"wp:attachment":[{"href":"https:\/\/sinprofaz.org.br\/2024\/wp-json\/wp\/v2\/media?parent=20773"}],"wp:term":[{"taxonomy":"category","embeddable":true,"href":"https:\/\/sinprofaz.org.br\/2024\/wp-json\/wp\/v2\/categories?post=20773"},{"taxonomy":"post_tag","embeddable":true,"href":"https:\/\/sinprofaz.org.br\/2024\/wp-json\/wp\/v2\/tags?post=20773"}],"curies":[{"name":"wp","href":"https:\/\/api.w.org\/{rel}","templated":true}]}}