{"id":20767,"date":"2026-04-15T15:48:07","date_gmt":"2026-04-15T18:48:07","guid":{"rendered":"https:\/\/sinprofaz.org.br\/2024\/?p=20767"},"modified":"2026-04-15T15:48:07","modified_gmt":"2026-04-15T18:48:07","slug":"sinprofaz-realiza-reunioes-estrategicas-no-congresso-nacional","status":"publish","type":"post","link":"https:\/\/sinprofaz.org.br\/2024\/noticias\/sinprofaz-realiza-reunioes-estrategicas-no-congresso-nacional\/","title":{"rendered":"Sinprofaz realiza reuni\u00f5es estrat\u00e9gicas no Congresso Nacional"},"content":{"rendered":"<p>O Sindicato Nacional dos Procuradores da Fazenda Nacional (Sinprofaz) cumpriu, nesta semana, uma s\u00e9rie de agendas parlamentares no Congresso Nacional, com o objetivo de avan\u00e7ar em pautas relevantes para a advocacia p\u00fablica federal.<\/p>\n<p>Durante a agenda, representantes do Sindicato foram recebidos no gabinete da deputada Ana Paula Lima, em reuni\u00e3o que contou tamb\u00e9m com a presen\u00e7a do ex-deputado D\u00e9cio Lima. O Sinprofaz tamb\u00e9m esteve no gabinete do deputado Felipe Francischini.<\/p>\n<p>Participaram dos encontros o vice-presidente do Sinprofaz, Alexandre Torres, e o procurador da Fazenda Nacional Francisco Sab\u00f3ia.<\/p>\n<p>As reuni\u00f5es refor\u00e7am o compromisso do Sindicato com a atua\u00e7\u00e3o institucional junto ao Poder Legislativo, buscando o fortalecimento da carreira e a defesa das prerrogativas da advocacia p\u00fablica.<\/p>\n\n\t\t<style type=\"text\/css\">\n\t\t\t#gallery-1 {\n\t\t\t\tmargin: auto;\n\t\t\t}\n\t\t\t#gallery-1 .gallery-item {\n\t\t\t\tfloat: left;\n\t\t\t\tmargin-top: 10px;\n\t\t\t\ttext-align: center;\n\t\t\t\twidth: 33%;\n\t\t\t}\n\t\t\t#gallery-1 img {\n\t\t\t\tborder: 2px solid #cfcfcf;\n\t\t\t}\n\t\t\t#gallery-1 .gallery-caption {\n\t\t\t\tmargin-left: 0;\n\t\t\t}\n\t\t\t\/* see gallery_shortcode() in wp-includes\/media.php *\/\n\t\t<\/style>\n\t\t<div id='gallery-1' class='gallery galleryid-20767 gallery-columns-3 gallery-size-thumbnail'><dl class='gallery-item'>\n\t\t\t<dt class='gallery-icon landscape'>\n\t\t\t\t<a href='https:\/\/sinprofaz.org.br\/2024\/wp-content\/uploads\/2026\/04\/reunioes-estrategicas-2.png'><img loading=\"lazy\" decoding=\"async\" width=\"150\" height=\"150\" src=\"https:\/\/sinprofaz.org.br\/2024\/wp-content\/uploads\/2026\/04\/reunioes-estrategicas-2-150x150.png\" class=\"attachment-thumbnail size-thumbnail\" alt=\"\" \/><\/a>\n\t\t\t<\/dt><\/dl><dl class='gallery-item'>\n\t\t\t<dt class='gallery-icon landscape'>\n\t\t\t\t<a href='https:\/\/sinprofaz.org.br\/2024\/wp-content\/uploads\/2026\/04\/reunioes-estrategicas-3.png'><img loading=\"lazy\" decoding=\"async\" width=\"150\" height=\"150\" src=\"https:\/\/sinprofaz.org.br\/2024\/wp-content\/uploads\/2026\/04\/reunioes-estrategicas-3-150x150.png\" class=\"attachment-thumbnail size-thumbnail\" alt=\"\" \/><\/a>\n\t\t\t<\/dt><\/dl>\n\t\t\t<br style='clear: both' \/>\n\t\t<\/div>\n\n","protected":false},"excerpt":{"rendered":"<p>Despachos trataram de pautas relevantes para a advocacia p\u00fablica federal<\/p>\n","protected":false},"author":2,"featured_media":20768,"comment_status":"open","ping_status":"open","sticky":false,"template":"","format":"standard","meta":{"footnotes":""},"categories":[8],"tags":[66,578,581,73,579,580,261,135],"featured_image_url":"https:\/\/sinprofaz.org.br\/2024\/wp-content\/uploads\/2026\/04\/reunioes-estrategicas-1.png","character_count":591,"formatted_date":"15\/04\/2026 - 15:48","contentNovo":"O Sindicato Nacional dos Procuradores da Fazenda Nacional (Sinprofaz) cumpriu, nesta semana, uma s\u00e9rie de agendas parlamentares no Congresso Nacional, com o objetivo de avan\u00e7ar em pautas relevantes para a advocacia p\u00fablica federal.\r\n\r\nDurante a agenda, representantes do Sindicato foram recebidos no gabinete da deputada Ana Paula Lima, em reuni\u00e3o que contou tamb\u00e9m com a presen\u00e7a do ex-deputado D\u00e9cio Lima. O Sinprofaz tamb\u00e9m esteve no gabinete do deputado Felipe Francischini.\r\n\r\nParticiparam dos encontros o vice-presidente do Sinprofaz, Alexandre Torres, e o procurador da Fazenda Nacional Francisco Sab\u00f3ia.\r\n\r\nAs reuni\u00f5es refor\u00e7am o compromisso do Sindicato com a atua\u00e7\u00e3o institucional junto ao Poder Legislativo, buscando o fortalecimento da carreira e a defesa das prerrogativas da advocacia p\u00fablica.\r\n\r\n[gallery link=\"file\" ids=\"20769,20770\"]","_links":{"self":[{"href":"https:\/\/sinprofaz.org.br\/2024\/wp-json\/wp\/v2\/posts\/20767"}],"collection":[{"href":"https:\/\/sinprofaz.org.br\/2024\/wp-json\/wp\/v2\/posts"}],"about":[{"href":"https:\/\/sinprofaz.org.br\/2024\/wp-json\/wp\/v2\/types\/post"}],"author":[{"embeddable":true,"href":"https:\/\/sinprofaz.org.br\/2024\/wp-json\/wp\/v2\/users\/2"}],"replies":[{"embeddable":true,"href":"https:\/\/sinprofaz.org.br\/2024\/wp-json\/wp\/v2\/comments?post=20767"}],"version-history":[{"count":1,"href":"https:\/\/sinprofaz.org.br\/2024\/wp-json\/wp\/v2\/posts\/20767\/revisions"}],"predecessor-version":[{"id":20771,"href":"https:\/\/sinprofaz.org.br\/2024\/wp-json\/wp\/v2\/posts\/20767\/revisions\/20771"}],"wp:featuredmedia":[{"embeddable":true,"href":"https:\/\/sinprofaz.org.br\/2024\/wp-json\/wp\/v2\/media\/20768"}],"wp:attachment":[{"href":"https:\/\/sinprofaz.org.br\/2024\/wp-json\/wp\/v2\/media?parent=20767"}],"wp:term":[{"taxonomy":"category","embeddable":true,"href":"https:\/\/sinprofaz.org.br\/2024\/wp-json\/wp\/v2\/categories?post=20767"},{"taxonomy":"post_tag","embeddable":true,"href":"https:\/\/sinprofaz.org.br\/2024\/wp-json\/wp\/v2\/tags?post=20767"}],"curies":[{"name":"wp","href":"https:\/\/api.w.org\/{rel}","templated":true}]}}