{"id":2076,"date":"2015-01-28T16:22:13","date_gmt":"2015-01-28T16:22:13","guid":{"rendered":""},"modified":"-0001-11-30T00:00:00","modified_gmt":"-0001-11-30T03:00:00","slug":"vice-presidente-da-republica-recebe-advocacia-publica-do-brasil","status":"publish","type":"post","link":"https:\/\/sinprofaz.org.br\/2024\/noticias\/vice-presidente-da-republica-recebe-advocacia-publica-do-brasil\/","title":{"rendered":"Vice-presidente da Rep\u00fablica recebe Advocacia P\u00fablica do Brasil"},"content":{"rendered":"<p><img loading=\"lazy\" decoding=\"async\" style=\"margin-right: 10px; margin-bottom: 10px; float: left;\" alt=\"\" src=\"images\/noticias\/reuniao-temer-28012015\/capa.jpg\" height=\"164\" width=\"218\" \/>O presidente do SINPROFAZ e representantes das demais entidades que comp\u00f5em a Advocacia P\u00fablica do Brasil participaram de audi\u00eancia com o vice-presidente da Rep\u00fablica, Michel Temer, na manh\u00e3 desta quarta-feira, 28\/01, com o concurso important\u00edssimo do presidente do Conselho Federal da OAB, Marcus Vinicius Furtado Coelho.<\/p>\n<p>A percep\u00e7\u00e3o dos honor\u00e1rios sucumbenciais pela Advocacia P\u00fablica, prevista no texto do Novo C\u00f3digo de Processo Civil, que aguarda san\u00e7\u00e3o da Presid\u00eancia da Rep\u00fablica, dominou a pauta da audi\u00eancia.<\/p>\n<p>Na avalia\u00e7\u00e3o do presidente do SINPROFAZ, Her\u00e1clio Camargo, a audi\u00eancia foi muito produtiva e o Vice-presidente Michel Temer compreende e domina os assuntos da Advocacia P\u00fablica do Brasil.<\/p>\n<p>\u201cEstamos no caminho certo e as a\u00e7\u00f5es em prol dos honor\u00e1rios continuar\u00e3o intensas at\u00e9 a san\u00e7\u00e3o presidencial\u201d, assegura o presidente do Sindicato.<\/p>\n<p><a href=\"\/pdfs\/documento-temer.pdf\" target=\"_blank\">Clique aqui<\/a> para ler o documento entregue pela Advocacia P\u00fablica do Brasil.<\/p>\n<p style=\"text-align: center;\"><img loading=\"lazy\" decoding=\"async\" style=\"margin: 10px;\" alt=\"\" src=\"images\/noticias\/reuniao-temer-28012015\/1.jpg\" height=\"145\" width=\"218\" \/><img loading=\"lazy\" decoding=\"async\" style=\"margin: 10px;\" alt=\"\" src=\"images\/noticias\/reuniao-temer-28012015\/2.jpg\" height=\"145\" width=\"218\" \/><\/p>\n","protected":false},"excerpt":{"rendered":"<p>A percep\u00e7\u00e3o dos honor\u00e1rios sucumbenciais pela Advocacia P\u00fablica, prevista no texto do Novo C\u00f3digo de Processo Civil, foi o principal assunto em pauta.<\/p>\n","protected":false},"author":1,"featured_media":0,"comment_status":"closed","ping_status":"open","sticky":false,"template":"","format":"standard","meta":{"footnotes":""},"categories":[8],"tags":[],"featured_image_url":"https:\/\/dummyimage.com\/720x400","character_count":481,"formatted_date":"28\/01\/2015 - 16:22","contentNovo":"\r\n<p>O presidente do SINPROFAZ e representantes das demais entidades que comp\u00f5em a Advocacia P\u00fablica do Brasil participaram de audi\u00eancia com o vice-presidente da Rep\u00fablica, Michel Temer, na manh\u00e3 desta quarta-feira, 28\/01, com o concurso important\u00edssimo do presidente do Conselho Federal da OAB, Marcus Vinicius Furtado Coelho.<\/p>\r\n<p>A percep\u00e7\u00e3o dos honor\u00e1rios sucumbenciais pela Advocacia P\u00fablica, prevista no texto do Novo C\u00f3digo de Processo Civil, que aguarda san\u00e7\u00e3o da Presid\u00eancia da Rep\u00fablica, dominou a pauta da audi\u00eancia.<\/p>\r\n<p>Na avalia\u00e7\u00e3o do presidente do SINPROFAZ, Her\u00e1clio Camargo, a audi\u00eancia foi muito produtiva e o Vice-presidente Michel Temer compreende e domina os assuntos da Advocacia P\u00fablica do Brasil.<\/p>\r\n<p>\u201cEstamos no caminho certo e as a\u00e7\u00f5es em prol dos honor\u00e1rios continuar\u00e3o intensas at\u00e9 a san\u00e7\u00e3o presidencial\u201d, assegura o presidente do Sindicato.<\/p>\r\n<p><a href=\"\/pdfs\/documento-temer.pdf\" target=\"_blank\">Clique aqui<\/a> para ler o documento entregue pela Advocacia P\u00fablica do Brasil.<\/p>\r\n<p style=\"text-align: center;\"><\/p>","_links":{"self":[{"href":"https:\/\/sinprofaz.org.br\/2024\/wp-json\/wp\/v2\/posts\/2076"}],"collection":[{"href":"https:\/\/sinprofaz.org.br\/2024\/wp-json\/wp\/v2\/posts"}],"about":[{"href":"https:\/\/sinprofaz.org.br\/2024\/wp-json\/wp\/v2\/types\/post"}],"author":[{"embeddable":true,"href":"https:\/\/sinprofaz.org.br\/2024\/wp-json\/wp\/v2\/users\/1"}],"replies":[{"embeddable":true,"href":"https:\/\/sinprofaz.org.br\/2024\/wp-json\/wp\/v2\/comments?post=2076"}],"version-history":[{"count":0,"href":"https:\/\/sinprofaz.org.br\/2024\/wp-json\/wp\/v2\/posts\/2076\/revisions"}],"wp:attachment":[{"href":"https:\/\/sinprofaz.org.br\/2024\/wp-json\/wp\/v2\/media?parent=2076"}],"wp:term":[{"taxonomy":"category","embeddable":true,"href":"https:\/\/sinprofaz.org.br\/2024\/wp-json\/wp\/v2\/categories?post=2076"},{"taxonomy":"post_tag","embeddable":true,"href":"https:\/\/sinprofaz.org.br\/2024\/wp-json\/wp\/v2\/tags?post=2076"}],"curies":[{"name":"wp","href":"https:\/\/api.w.org\/{rel}","templated":true}]}}