{"id":20738,"date":"2026-04-08T14:32:00","date_gmt":"2026-04-08T17:32:00","guid":{"rendered":"https:\/\/sinprofaz.org.br\/2024\/?p=20738"},"modified":"2026-04-08T14:32:00","modified_gmt":"2026-04-08T17:32:00","slug":"sinprofaz-anuncia-o-lancamento-do-livro-deus-do-pfn-silvio-paulo-araldi","status":"publish","type":"post","link":"https:\/\/sinprofaz.org.br\/2024\/noticias\/sinprofaz-anuncia-o-lancamento-do-livro-deus-do-pfn-silvio-paulo-araldi\/","title":{"rendered":"Sinprofaz anuncia o lan\u00e7amento do livro \u201cDeus\u201d do PFN Silvio Paulo Araldi"},"content":{"rendered":"<p>O Sindicato Nacional dos Procuradores da Fazenda Nacional (Sinprofaz) informa o lan\u00e7amento do livro Deus: o elo entre espiritualidade, religi\u00f5es, Jesus e ci\u00eancia, de autoria do procurador da Fazenda Nacional Silvio Paulo Araldi, que acontece no dia 14 de abril, \u00e0s 18h, em S\u00e3o Paulo. O encontro ser\u00e1 realizado na Livraria Martins Fontes.<\/p>\n<p>Sobre a obra: em todas as \u00e9pocas, o ser humano voltou seu olhar para o mist\u00e9rio da exist\u00eancia. Entre ci\u00eancia, filosofia e espiritualidade, permanece a mesma pergunta essencial: qual \u00e9 o sentido \u00faltimo da vida e da consci\u00eancia? A ideia de um Ser Supremo atravessa o tempo, as tradi\u00e7\u00f5es e as escolas de pensamento. Para alguns, \u00e9 fonte de f\u00e9 e esperan\u00e7a; para outros, motivo de reflex\u00e3o e questionamento. Ao longo da hist\u00f3ria, esse tema mobilizou m\u00edsticos, cientistas e pensadores que buscaram compreender o lugar do ser humano no Universo. Sem a pretens\u00e3o de oferecer respostas definitivas, esta obra prop\u00f5e uma travessia reflexiva por diferentes perspectivas \u2015 da cosmologia \u00e0s tradi\u00e7\u00f5es espirituais, da figura de Jesus aos s\u00edmbolos universais da experi\u00eancia humana. Mais do que afirmar verdades, convida o leitor a contemplar as perguntas. Trata-se de um convite \u00e0 reflex\u00e3o, ao di\u00e1logo interior e \u00e0 abertura diante do mist\u00e9rio que envolve a exist\u00eancia. Um caminho de encontro entre raz\u00e3o e transcend\u00eancia, ci\u00eancia e espiritualidade, d\u00favida e contempla\u00e7\u00e3o.<\/p>\n<p>Durante a sess\u00e3o de aut\u00f3grafos, o p\u00fablico ter\u00e1 a oportunidade de conhecer o autor, adquirir exemplares da obra e participar de um momento de troca de ideias sobre os temas apresentados no livro.<\/p>\n","protected":false},"excerpt":{"rendered":"<p>Lan\u00e7amento acontece no dia 14 de abril, na Livraria Martins Fontes, em S\u00e3o Paulo<\/p>\n","protected":false},"author":2,"featured_media":20739,"comment_status":"open","ping_status":"open","sticky":false,"template":"","format":"standard","meta":{"footnotes":""},"categories":[8],"tags":[564,563,558,562,419,565,561,560,559,135],"featured_image_url":"https:\/\/sinprofaz.org.br\/2024\/wp-content\/uploads\/2026\/04\/Deus-do-PFN-Silvio-Paulo-Araldi.png","character_count":818,"formatted_date":"08\/04\/2026 - 14:32","contentNovo":"O Sindicato Nacional dos Procuradores da Fazenda Nacional (Sinprofaz) informa o lan\u00e7amento do livro Deus: o elo entre espiritualidade, religi\u00f5es, Jesus e ci\u00eancia, de autoria do procurador da Fazenda Nacional Silvio Paulo Araldi, que acontece no dia 14 de abril, \u00e0s 18h, em S\u00e3o Paulo. O encontro ser\u00e1 realizado na Livraria Martins Fontes.\r\n\r\nSobre a obra: em todas as \u00e9pocas, o ser humano voltou seu olhar para o mist\u00e9rio da exist\u00eancia. Entre ci\u00eancia, filosofia e espiritualidade, permanece a mesma pergunta essencial: qual \u00e9 o sentido \u00faltimo da vida e da consci\u00eancia? A ideia de um Ser Supremo atravessa o tempo, as tradi\u00e7\u00f5es e as escolas de pensamento. Para alguns, \u00e9 fonte de f\u00e9 e esperan\u00e7a; para outros, motivo de reflex\u00e3o e questionamento. Ao longo da hist\u00f3ria, esse tema mobilizou m\u00edsticos, cientistas e pensadores que buscaram compreender o lugar do ser humano no Universo. Sem a pretens\u00e3o de oferecer respostas definitivas, esta obra prop\u00f5e uma travessia reflexiva por diferentes perspectivas \u2015 da cosmologia \u00e0s tradi\u00e7\u00f5es espirituais, da figura de Jesus aos s\u00edmbolos universais da experi\u00eancia humana. Mais do que afirmar verdades, convida o leitor a contemplar as perguntas. Trata-se de um convite \u00e0 reflex\u00e3o, ao di\u00e1logo interior e \u00e0 abertura diante do mist\u00e9rio que envolve a exist\u00eancia. Um caminho de encontro entre raz\u00e3o e transcend\u00eancia, ci\u00eancia e espiritualidade, d\u00favida e contempla\u00e7\u00e3o.\r\n\r\nDurante a sess\u00e3o de aut\u00f3grafos, o p\u00fablico ter\u00e1 a oportunidade de conhecer o autor, adquirir exemplares da obra e participar de um momento de troca de ideias sobre os temas apresentados no livro.","_links":{"self":[{"href":"https:\/\/sinprofaz.org.br\/2024\/wp-json\/wp\/v2\/posts\/20738"}],"collection":[{"href":"https:\/\/sinprofaz.org.br\/2024\/wp-json\/wp\/v2\/posts"}],"about":[{"href":"https:\/\/sinprofaz.org.br\/2024\/wp-json\/wp\/v2\/types\/post"}],"author":[{"embeddable":true,"href":"https:\/\/sinprofaz.org.br\/2024\/wp-json\/wp\/v2\/users\/2"}],"replies":[{"embeddable":true,"href":"https:\/\/sinprofaz.org.br\/2024\/wp-json\/wp\/v2\/comments?post=20738"}],"version-history":[{"count":1,"href":"https:\/\/sinprofaz.org.br\/2024\/wp-json\/wp\/v2\/posts\/20738\/revisions"}],"predecessor-version":[{"id":20740,"href":"https:\/\/sinprofaz.org.br\/2024\/wp-json\/wp\/v2\/posts\/20738\/revisions\/20740"}],"wp:featuredmedia":[{"embeddable":true,"href":"https:\/\/sinprofaz.org.br\/2024\/wp-json\/wp\/v2\/media\/20739"}],"wp:attachment":[{"href":"https:\/\/sinprofaz.org.br\/2024\/wp-json\/wp\/v2\/media?parent=20738"}],"wp:term":[{"taxonomy":"category","embeddable":true,"href":"https:\/\/sinprofaz.org.br\/2024\/wp-json\/wp\/v2\/categories?post=20738"},{"taxonomy":"post_tag","embeddable":true,"href":"https:\/\/sinprofaz.org.br\/2024\/wp-json\/wp\/v2\/tags?post=20738"}],"curies":[{"name":"wp","href":"https:\/\/api.w.org\/{rel}","templated":true}]}}