{"id":2072,"date":"2015-01-21T20:25:09","date_gmt":"2015-01-21T20:25:09","guid":{"rendered":""},"modified":"-0001-11-30T00:00:00","modified_gmt":"-0001-11-30T03:00:00","slug":"movimento-nacional-pela-advocacia-publica-atua-em-prol-da-sancao-dos-honorarios-no-novo-cpc","status":"publish","type":"post","link":"https:\/\/sinprofaz.org.br\/2024\/noticias\/movimento-nacional-pela-advocacia-publica-atua-em-prol-da-sancao-dos-honorarios-no-novo-cpc\/","title":{"rendered":"Movimento Nacional pela Advocacia P\u00fablica atua em prol da san\u00e7\u00e3o dos Honor\u00e1rios no Novo CPC"},"content":{"rendered":"<p><img loading=\"lazy\" decoding=\"async\" style=\"margin-right: 10px; margin-bottom: 10px; float: left;\" alt=\"\" src=\"images\/noticias\/movimento-nacional-pela-advocacia-publica-atua-em-prol-da-sancao-dos-honorarios-no-novo-cpc\/01.jpg\" height=\"154\" width=\"218\" \/>As entidades representativas da Advocacia P\u00fablica do Brasil, que comp\u00f5em o Movimento Nacional pela Advocacia P\u00fablica, reuniram-se e tra\u00e7aram estrat\u00e9gias para pavimentar o caminho da san\u00e7\u00e3o dos Honor\u00e1rios de Sucumb\u00eancia no Novo C\u00f3digo de Processo Civil<\/p>\n<p>A reuni\u00e3o ocorreu nesta quarta-feira, 21\/01, na sede do SINPROFAZ.<\/p>\n<p>A expectativa do Movimento \u00e9 de que a san\u00e7\u00e3o ocorra de forma serena, pois a quest\u00e3o \u00e9 federativa, consolidada e j\u00e1 foi debatida \u00e0 exaust\u00e3o pelo Congresso Nacional.<\/p>\n<p>O SINPROFAZ concorrer\u00e1 at\u00e9 a san\u00e7\u00e3o para que essa vit\u00f3ria democr\u00e1tica da Advocacia P\u00fablica seja publicada o quanto antes.<\/p>\n<p>&nbsp;<\/p>\n<p style=\"text-align: center;\"><img loading=\"lazy\" decoding=\"async\" style=\"margin-right: 5px;\" alt=\"\" src=\"images\/noticias\/movimento-nacional-pela-advocacia-publica-atua-em-prol-da-sancao-dos-honorarios-no-novo-cpc\/02.jpg\" height=\"106\" width=\"150\" \/><img loading=\"lazy\" decoding=\"async\" style=\"margin-right: 5px;\" alt=\"\" src=\"images\/noticias\/movimento-nacional-pela-advocacia-publica-atua-em-prol-da-sancao-dos-honorarios-no-novo-cpc\/05.jpg\" height=\"106\" width=\"150\" \/><img loading=\"lazy\" decoding=\"async\" alt=\"\" src=\"images\/noticias\/movimento-nacional-pela-advocacia-publica-atua-em-prol-da-sancao-dos-honorarios-no-novo-cpc\/08.jpg\" height=\"106\" width=\"150\" \/><\/p>\n","protected":false},"excerpt":{"rendered":"<p>As entidades representativas da Advocacia P\u00fablica do Brasil, que comp\u00f5em o Movimento Nacional pela Advocacia P\u00fablica, reuniram-se e tra\u00e7aram estrat\u00e9gias para pavimentar o caminho da san\u00e7\u00e3o dos Honor\u00e1rios de Sucumb\u00eancia no Novo C\u00f3digo de Processo Civil<\/p>\n","protected":false},"author":1,"featured_media":0,"comment_status":"closed","ping_status":"open","sticky":false,"template":"","format":"standard","meta":{"footnotes":""},"categories":[8],"tags":[],"featured_image_url":"https:\/\/dummyimage.com\/720x400","character_count":320,"formatted_date":"21\/01\/2015 - 20:25","contentNovo":"\r\n<p>As entidades representativas da Advocacia P\u00fablica do Brasil, que comp\u00f5em o Movimento Nacional pela Advocacia P\u00fablica, reuniram-se e tra\u00e7aram estrat\u00e9gias para pavimentar o caminho da san\u00e7\u00e3o dos Honor\u00e1rios de Sucumb\u00eancia no Novo C\u00f3digo de Processo Civil<\/p>\r\n<p>A reuni\u00e3o ocorreu nesta quarta-feira, 21\/01, na sede do SINPROFAZ.<\/p>\r\n<p>A expectativa do Movimento \u00e9 de que a san\u00e7\u00e3o ocorra de forma serena, pois a quest\u00e3o \u00e9 federativa, consolidada e j\u00e1 foi debatida \u00e0 exaust\u00e3o pelo Congresso Nacional.<\/p>\r\n<p>O SINPROFAZ concorrer\u00e1 at\u00e9 a san\u00e7\u00e3o para que essa vit\u00f3ria democr\u00e1tica da Advocacia P\u00fablica seja publicada o quanto antes.<\/p>\r\n<p>&nbsp;<\/p>\r\n<p style=\"text-align: center;\"><\/p>","_links":{"self":[{"href":"https:\/\/sinprofaz.org.br\/2024\/wp-json\/wp\/v2\/posts\/2072"}],"collection":[{"href":"https:\/\/sinprofaz.org.br\/2024\/wp-json\/wp\/v2\/posts"}],"about":[{"href":"https:\/\/sinprofaz.org.br\/2024\/wp-json\/wp\/v2\/types\/post"}],"author":[{"embeddable":true,"href":"https:\/\/sinprofaz.org.br\/2024\/wp-json\/wp\/v2\/users\/1"}],"replies":[{"embeddable":true,"href":"https:\/\/sinprofaz.org.br\/2024\/wp-json\/wp\/v2\/comments?post=2072"}],"version-history":[{"count":0,"href":"https:\/\/sinprofaz.org.br\/2024\/wp-json\/wp\/v2\/posts\/2072\/revisions"}],"wp:attachment":[{"href":"https:\/\/sinprofaz.org.br\/2024\/wp-json\/wp\/v2\/media?parent=2072"}],"wp:term":[{"taxonomy":"category","embeddable":true,"href":"https:\/\/sinprofaz.org.br\/2024\/wp-json\/wp\/v2\/categories?post=2072"},{"taxonomy":"post_tag","embeddable":true,"href":"https:\/\/sinprofaz.org.br\/2024\/wp-json\/wp\/v2\/tags?post=2072"}],"curies":[{"name":"wp","href":"https:\/\/api.w.org\/{rel}","templated":true}]}}