{"id":20719,"date":"2026-03-30T16:17:41","date_gmt":"2026-03-30T19:17:41","guid":{"rendered":"https:\/\/sinprofaz.org.br\/2024\/?p=20719"},"modified":"2026-03-30T16:17:41","modified_gmt":"2026-03-30T19:17:41","slug":"sinprofaz-realiza-ago-com-participacao-ativa-dos-associados","status":"publish","type":"post","link":"https:\/\/sinprofaz.org.br\/2024\/noticias\/sinprofaz-realiza-ago-com-participacao-ativa-dos-associados\/","title":{"rendered":"Sinprofaz realiza AGO com participa\u00e7\u00e3o ativa dos associados"},"content":{"rendered":"<p>O Sindicato Nacional dos Procuradores da Fazenda Nacional (Sinprofaz) realizou, neste s\u00e1bado (28), a Assembleia Geral Ordin\u00e1ria (AGO) de 2026, em Bras\u00edlia\/DF. A assembleia refor\u00e7ou a import\u00e2ncia da participa\u00e7\u00e3o dos filiados em um momento considerado estrat\u00e9gico para a carreira.<\/p>\n<p>Para ampliar o engajamento, o Sindicato disponibilizou no site toda a documenta\u00e7\u00e3o necess\u00e1ria para a Assembleia, incluindo convoca\u00e7\u00e3o, pauta e modelos de procura\u00e7\u00e3o, tanto em formato eletr\u00f4nico quanto para impress\u00e3o.<\/p>\n<p>Um dos destaques positivos desta edi\u00e7\u00e3o foi a participa\u00e7\u00e3o remota dos filiados, que puderam discutir os temas em pauta e exercer seu direito de voto de forma acess\u00edvel e segura.<\/p>\n<p>O Sinprofaz destaca que a AGO ocorre em um contexto de debates relevantes para os procuradores da Fazenda Nacional e refor\u00e7a que a presen\u00e7a do maior n\u00famero poss\u00edvel de filiados \u00e9 essencial para a tomada de decis\u00f5es.<\/p>\n\n\t\t<style type=\"text\/css\">\n\t\t\t#gallery-1 {\n\t\t\t\tmargin: auto;\n\t\t\t}\n\t\t\t#gallery-1 .gallery-item {\n\t\t\t\tfloat: left;\n\t\t\t\tmargin-top: 10px;\n\t\t\t\ttext-align: center;\n\t\t\t\twidth: 33%;\n\t\t\t}\n\t\t\t#gallery-1 img {\n\t\t\t\tborder: 2px solid #cfcfcf;\n\t\t\t}\n\t\t\t#gallery-1 .gallery-caption {\n\t\t\t\tmargin-left: 0;\n\t\t\t}\n\t\t\t\/* see gallery_shortcode() in wp-includes\/media.php *\/\n\t\t<\/style>\n\t\t<div id='gallery-1' class='gallery galleryid-20719 gallery-columns-3 gallery-size-thumbnail'><dl class='gallery-item'>\n\t\t\t<dt class='gallery-icon landscape'>\n\t\t\t\t<a href='https:\/\/sinprofaz.org.br\/2024\/wp-content\/uploads\/2026\/03\/AGO-2026-2.png'><img loading=\"lazy\" decoding=\"async\" width=\"150\" height=\"150\" src=\"https:\/\/sinprofaz.org.br\/2024\/wp-content\/uploads\/2026\/03\/AGO-2026-2-150x150.png\" class=\"attachment-thumbnail size-thumbnail\" alt=\"\" \/><\/a>\n\t\t\t<\/dt><\/dl><dl class='gallery-item'>\n\t\t\t<dt class='gallery-icon landscape'>\n\t\t\t\t<a href='https:\/\/sinprofaz.org.br\/2024\/wp-content\/uploads\/2026\/03\/AGO-2026-5.png'><img loading=\"lazy\" decoding=\"async\" width=\"150\" height=\"150\" src=\"https:\/\/sinprofaz.org.br\/2024\/wp-content\/uploads\/2026\/03\/AGO-2026-5-150x150.png\" class=\"attachment-thumbnail size-thumbnail\" alt=\"\" \/><\/a>\n\t\t\t<\/dt><\/dl><dl class='gallery-item'>\n\t\t\t<dt class='gallery-icon landscape'>\n\t\t\t\t<a href='https:\/\/sinprofaz.org.br\/2024\/wp-content\/uploads\/2026\/03\/AGO-2026-3.png'><img loading=\"lazy\" decoding=\"async\" width=\"150\" height=\"150\" src=\"https:\/\/sinprofaz.org.br\/2024\/wp-content\/uploads\/2026\/03\/AGO-2026-3-150x150.png\" class=\"attachment-thumbnail size-thumbnail\" alt=\"\" \/><\/a>\n\t\t\t<\/dt><\/dl><br style=\"clear: both\" \/><dl class='gallery-item'>\n\t\t\t<dt class='gallery-icon landscape'>\n\t\t\t\t<a href='https:\/\/sinprofaz.org.br\/2024\/wp-content\/uploads\/2026\/03\/AGO-2026-8.png'><img loading=\"lazy\" decoding=\"async\" width=\"150\" height=\"150\" src=\"https:\/\/sinprofaz.org.br\/2024\/wp-content\/uploads\/2026\/03\/AGO-2026-8-150x150.png\" class=\"attachment-thumbnail size-thumbnail\" alt=\"\" \/><\/a>\n\t\t\t<\/dt><\/dl><dl class='gallery-item'>\n\t\t\t<dt class='gallery-icon landscape'>\n\t\t\t\t<a href='https:\/\/sinprofaz.org.br\/2024\/wp-content\/uploads\/2026\/03\/AGO-2026-4.png'><img loading=\"lazy\" decoding=\"async\" width=\"150\" height=\"150\" src=\"https:\/\/sinprofaz.org.br\/2024\/wp-content\/uploads\/2026\/03\/AGO-2026-4-150x150.png\" class=\"attachment-thumbnail size-thumbnail\" alt=\"\" \/><\/a>\n\t\t\t<\/dt><\/dl><dl class='gallery-item'>\n\t\t\t<dt class='gallery-icon landscape'>\n\t\t\t\t<a href='https:\/\/sinprofaz.org.br\/2024\/wp-content\/uploads\/2026\/03\/AGO-2026-9.png'><img loading=\"lazy\" decoding=\"async\" width=\"150\" height=\"150\" src=\"https:\/\/sinprofaz.org.br\/2024\/wp-content\/uploads\/2026\/03\/AGO-2026-9-150x150.png\" class=\"attachment-thumbnail size-thumbnail\" alt=\"\" \/><\/a>\n\t\t\t<\/dt><\/dl><br style=\"clear: both\" \/><dl class='gallery-item'>\n\t\t\t<dt class='gallery-icon landscape'>\n\t\t\t\t<a href='https:\/\/sinprofaz.org.br\/2024\/wp-content\/uploads\/2026\/03\/AGO-2026-6.png'><img loading=\"lazy\" decoding=\"async\" width=\"150\" height=\"150\" src=\"https:\/\/sinprofaz.org.br\/2024\/wp-content\/uploads\/2026\/03\/AGO-2026-6-150x150.png\" class=\"attachment-thumbnail size-thumbnail\" alt=\"\" \/><\/a>\n\t\t\t<\/dt><\/dl><dl class='gallery-item'>\n\t\t\t<dt class='gallery-icon landscape'>\n\t\t\t\t<a href='https:\/\/sinprofaz.org.br\/2024\/wp-content\/uploads\/2026\/03\/AGO-2026-7.png'><img loading=\"lazy\" decoding=\"async\" width=\"150\" height=\"150\" src=\"https:\/\/sinprofaz.org.br\/2024\/wp-content\/uploads\/2026\/03\/AGO-2026-7-150x150.png\" class=\"attachment-thumbnail size-thumbnail\" alt=\"\" \/><\/a>\n\t\t\t<\/dt><\/dl><dl class='gallery-item'>\n\t\t\t<dt class='gallery-icon landscape'>\n\t\t\t\t<a href='https:\/\/sinprofaz.org.br\/2024\/wp-content\/uploads\/2026\/03\/AGO-2026-10.png'><img loading=\"lazy\" decoding=\"async\" width=\"150\" height=\"150\" src=\"https:\/\/sinprofaz.org.br\/2024\/wp-content\/uploads\/2026\/03\/AGO-2026-10-150x150.png\" class=\"attachment-thumbnail size-thumbnail\" alt=\"\" \/><\/a>\n\t\t\t<\/dt><\/dl><br style=\"clear: both\" \/>\n\t\t<\/div>\n\n","protected":false},"excerpt":{"rendered":"<p>Momento refor\u00e7ou a import\u00e2ncia da participa\u00e7\u00e3o dos filiados em momento estrat\u00e9gico para a carreira.<\/p>\n","protected":false},"author":2,"featured_media":20729,"comment_status":"open","ping_status":"open","sticky":false,"template":"","format":"standard","meta":{"footnotes":""},"categories":[8],"tags":[546,505,549,547,261,135,548],"featured_image_url":"https:\/\/sinprofaz.org.br\/2024\/wp-content\/uploads\/2026\/03\/AGO-2026-CAPA.png","character_count":687,"formatted_date":"30\/03\/2026 - 16:17","contentNovo":"O Sindicato Nacional dos Procuradores da Fazenda Nacional (Sinprofaz) realizou, neste s\u00e1bado (28), a Assembleia Geral Ordin\u00e1ria (AGO) de 2026, em Bras\u00edlia\/DF. A assembleia refor\u00e7ou a import\u00e2ncia da participa\u00e7\u00e3o dos filiados em um momento considerado estrat\u00e9gico para a carreira.\r\n\r\nPara ampliar o engajamento, o Sindicato disponibilizou no site toda a documenta\u00e7\u00e3o necess\u00e1ria para a Assembleia, incluindo convoca\u00e7\u00e3o, pauta e modelos de procura\u00e7\u00e3o, tanto em formato eletr\u00f4nico quanto para impress\u00e3o.\r\n\r\nUm dos destaques positivos desta edi\u00e7\u00e3o foi a participa\u00e7\u00e3o remota dos filiados, que puderam discutir os temas em pauta e exercer seu direito de voto de forma acess\u00edvel e segura.\r\n\r\nO Sinprofaz destaca que a AGO ocorre em um contexto de debates relevantes para os procuradores da Fazenda Nacional e refor\u00e7a que a presen\u00e7a do maior n\u00famero poss\u00edvel de filiados \u00e9 essencial para a tomada de decis\u00f5es.\r\n\r\n[gallery link=\"file\" ids=\"20720,20723,20721,20726,20722,20727,20724,20725,20728\"]","_links":{"self":[{"href":"https:\/\/sinprofaz.org.br\/2024\/wp-json\/wp\/v2\/posts\/20719"}],"collection":[{"href":"https:\/\/sinprofaz.org.br\/2024\/wp-json\/wp\/v2\/posts"}],"about":[{"href":"https:\/\/sinprofaz.org.br\/2024\/wp-json\/wp\/v2\/types\/post"}],"author":[{"embeddable":true,"href":"https:\/\/sinprofaz.org.br\/2024\/wp-json\/wp\/v2\/users\/2"}],"replies":[{"embeddable":true,"href":"https:\/\/sinprofaz.org.br\/2024\/wp-json\/wp\/v2\/comments?post=20719"}],"version-history":[{"count":1,"href":"https:\/\/sinprofaz.org.br\/2024\/wp-json\/wp\/v2\/posts\/20719\/revisions"}],"predecessor-version":[{"id":20730,"href":"https:\/\/sinprofaz.org.br\/2024\/wp-json\/wp\/v2\/posts\/20719\/revisions\/20730"}],"wp:featuredmedia":[{"embeddable":true,"href":"https:\/\/sinprofaz.org.br\/2024\/wp-json\/wp\/v2\/media\/20729"}],"wp:attachment":[{"href":"https:\/\/sinprofaz.org.br\/2024\/wp-json\/wp\/v2\/media?parent=20719"}],"wp:term":[{"taxonomy":"category","embeddable":true,"href":"https:\/\/sinprofaz.org.br\/2024\/wp-json\/wp\/v2\/categories?post=20719"},{"taxonomy":"post_tag","embeddable":true,"href":"https:\/\/sinprofaz.org.br\/2024\/wp-json\/wp\/v2\/tags?post=20719"}],"curies":[{"name":"wp","href":"https:\/\/api.w.org\/{rel}","templated":true}]}}