{"id":20633,"date":"2026-03-17T18:34:22","date_gmt":"2026-03-17T21:34:22","guid":{"rendered":"https:\/\/sinprofaz.org.br\/2024\/?p=20633"},"modified":"2026-03-17T18:34:54","modified_gmt":"2026-03-17T21:34:54","slug":"sinprofaz-participa-do-seminario-10-anos-do-codigo-de-processo-civil","status":"publish","type":"post","link":"https:\/\/sinprofaz.org.br\/2024\/noticias\/sinprofaz-participa-do-seminario-10-anos-do-codigo-de-processo-civil\/","title":{"rendered":"Sinprofaz participa do semin\u00e1rio \u201c10 anos do C\u00f3digo de Processo Civil\u201d"},"content":{"rendered":"<p>O Sindicato Nacional dos Procuradores da Fazenda Nacional (Sinprofaz) participou, nesta ter\u00e7a-feira (17), do primeiro dia do semin\u00e1rio \u201c10 anos do C\u00f3digo de Processo Civil (2015\u20132025)\u201d. O evento, segue at\u00e9 o dia 18 e re\u00fane especialistas para debater os avan\u00e7os e desafios do CPC na \u00faltima d\u00e9cada.<\/p>\n<p>Representaram o sindicato a presidente, Val\u00e9ria Ferreira; o diretor jur\u00eddico, Paulo Gon\u00e7alves; e a diretora de Assuntos Relativos aos Aposentados e Servi\u00e7os Assistenciais, Maria Aparecida Silva.<\/p>\n<p>Na ocasi\u00e3o, a presidente Val\u00e9ria Ferreira homenageou o senador Efraim Filho, que em sua fala discursou sobre os honor\u00e1rios da advocacia, destacando o tema como um cap\u00edtulo importante e fruto de uma grande mobiliza\u00e7\u00e3o. Durante a elabora\u00e7\u00e3o do novo CPC, o parlamentar prop\u00f4s emendas para assegurar a participa\u00e7\u00e3o de advogados p\u00fablicos em honor\u00e1rios sucumbenciais.<\/p>\n<p>\u201cN\u00f3s trouxemos esse tema, discutimos a comiss\u00e3o especial, teve a vota\u00e7\u00e3o na Comiss\u00e3o especial. Eu lembro at\u00e9 hoje do placar foi: dez a nove, n\u00f3s perdemos na Comiss\u00e3o especial e a\u00ed a turma ficou numa tristeza, mas eu confiava na minha percep\u00e7\u00e3o de meritocracia do servi\u00e7o p\u00fablico era preciso trazer esse reconhecimento. Quem est\u00e1 na advocacia p\u00fablica especialmente na AGU, \u00e9 dotado de uma fibra moral diferenciada para poder defender o Estado e a\u00ed, n\u00f3s levamos para o plen\u00e1rio com a orienta\u00e7\u00e3o contr\u00e1ria dos l\u00edderes de bancada o grupo, o time, fez o trabalho de formiguinha conversando um a um e na hora da vota\u00e7\u00e3o, n\u00f3s fizemos um destaque e esse destaque foi aprovado pela maioria da C\u00e2mara dos Deputados para poder fazer um instrumento hoje que d\u00e1 dignidade, da seguran\u00e7a, da paz do esp\u00edrito, e portanto mais efici\u00eancia e produtividade no final da linha para quem presta servi\u00e7o que s\u00e3o voc\u00eas\u201d.<\/p>\n<p>O senador encerrou refor\u00e7ando que o CPC 2015 n\u00e3o \u00e9 apenas um livro de regras, mas um pacto pela efici\u00eancia. \u201cQue os pr\u00f3ximos 10 anos sejam de ainda mais inova\u00e7\u00e3o sempre com foco naquele que \u00e9 o verdadeiro destinat\u00e1rio do nosso trabalho: o cidad\u00e3o brasileiro\u201d.<\/p>\n<p>Promovido pela Escola Superior da Advocacia-Geral da Uni\u00e3o (ESAGU), o semin\u00e1rio \u00e9 considerado um dos principais encontros jur\u00eddicos do ano. Realizado em Bras\u00edlia, o evento re\u00fane ministros do STF e do STJ, magistrados, membros do Minist\u00e9rio P\u00fablico, advogados e representantes da Advocacia P\u00fablica para discutir o presente e o futuro do processo civil no pa\u00eds.<\/p>\n<p>A sua programa\u00e7\u00e3o foi estruturada para alcan\u00e7ar um p\u00fablico amplo, incluindo membros e servidores da AGU, operadores do Direito e estudantes, promovendo um espa\u00e7o qualificado de reflex\u00e3o e troca de experi\u00eancias sobre o sistema processual brasileiro.<\/p>\n\n\t\t<style type=\"text\/css\">\n\t\t\t#gallery-1 {\n\t\t\t\tmargin: auto;\n\t\t\t}\n\t\t\t#gallery-1 .gallery-item {\n\t\t\t\tfloat: left;\n\t\t\t\tmargin-top: 10px;\n\t\t\t\ttext-align: center;\n\t\t\t\twidth: 33%;\n\t\t\t}\n\t\t\t#gallery-1 img {\n\t\t\t\tborder: 2px solid #cfcfcf;\n\t\t\t}\n\t\t\t#gallery-1 .gallery-caption {\n\t\t\t\tmargin-left: 0;\n\t\t\t}\n\t\t\t\/* see gallery_shortcode() in wp-includes\/media.php *\/\n\t\t<\/style>\n\t\t<div id='gallery-1' class='gallery galleryid-20633 gallery-columns-3 gallery-size-thumbnail'><dl class='gallery-item'>\n\t\t\t<dt class='gallery-icon landscape'>\n\t\t\t\t<a href='https:\/\/sinprofaz.org.br\/2024\/wp-content\/uploads\/2026\/03\/Sinprofaz-e-CNM-5.png'><img loading=\"lazy\" decoding=\"async\" width=\"150\" height=\"150\" src=\"https:\/\/sinprofaz.org.br\/2024\/wp-content\/uploads\/2026\/03\/Sinprofaz-e-CNM-5-150x150.png\" class=\"attachment-thumbnail size-thumbnail\" alt=\"\" \/><\/a>\n\t\t\t<\/dt><\/dl><dl class='gallery-item'>\n\t\t\t<dt class='gallery-icon landscape'>\n\t\t\t\t<a href='https:\/\/sinprofaz.org.br\/2024\/wp-content\/uploads\/2026\/03\/Congresso-internacional-1.png'><img loading=\"lazy\" decoding=\"async\" width=\"150\" height=\"150\" src=\"https:\/\/sinprofaz.org.br\/2024\/wp-content\/uploads\/2026\/03\/Congresso-internacional-1-150x150.png\" class=\"attachment-thumbnail size-thumbnail\" alt=\"\" \/><\/a>\n\t\t\t<\/dt><\/dl><dl class='gallery-item'>\n\t\t\t<dt class='gallery-icon landscape'>\n\t\t\t\t<a href='https:\/\/sinprofaz.org.br\/2024\/wp-content\/uploads\/2026\/03\/comunicado-conjunto-3.png'><img loading=\"lazy\" decoding=\"async\" width=\"150\" height=\"150\" src=\"https:\/\/sinprofaz.org.br\/2024\/wp-content\/uploads\/2026\/03\/comunicado-conjunto-3-150x150.png\" class=\"attachment-thumbnail size-thumbnail\" alt=\"\" \/><\/a>\n\t\t\t<\/dt><\/dl><br style=\"clear: both\" \/><dl class='gallery-item'>\n\t\t\t<dt class='gallery-icon landscape'>\n\t\t\t\t<a href='https:\/\/sinprofaz.org.br\/2024\/wp-content\/uploads\/2026\/03\/comunicado-conjunto-6.png'><img loading=\"lazy\" decoding=\"async\" width=\"150\" height=\"150\" src=\"https:\/\/sinprofaz.org.br\/2024\/wp-content\/uploads\/2026\/03\/comunicado-conjunto-6-150x150.png\" class=\"attachment-thumbnail size-thumbnail\" alt=\"\" \/><\/a>\n\t\t\t<\/dt><\/dl><dl class='gallery-item'>\n\t\t\t<dt class='gallery-icon landscape'>\n\t\t\t\t<a href='https:\/\/sinprofaz.org.br\/2024\/wp-content\/uploads\/2026\/03\/Sinprofaz-e-CNM-4.png'><img loading=\"lazy\" decoding=\"async\" width=\"150\" height=\"150\" src=\"https:\/\/sinprofaz.org.br\/2024\/wp-content\/uploads\/2026\/03\/Sinprofaz-e-CNM-4-150x150.png\" class=\"attachment-thumbnail size-thumbnail\" alt=\"\" \/><\/a>\n\t\t\t<\/dt><\/dl><dl class='gallery-item'>\n\t\t\t<dt class='gallery-icon landscape'>\n\t\t\t\t<a href='https:\/\/sinprofaz.org.br\/2024\/wp-content\/uploads\/2026\/03\/comunicado-conjunto-4.png'><img loading=\"lazy\" decoding=\"async\" width=\"150\" height=\"150\" src=\"https:\/\/sinprofaz.org.br\/2024\/wp-content\/uploads\/2026\/03\/comunicado-conjunto-4-150x150.png\" class=\"attachment-thumbnail size-thumbnail\" alt=\"\" \/><\/a>\n\t\t\t<\/dt><\/dl><br style=\"clear: both\" \/><dl class='gallery-item'>\n\t\t\t<dt class='gallery-icon landscape'>\n\t\t\t\t<a href='https:\/\/sinprofaz.org.br\/2024\/wp-content\/uploads\/2026\/03\/comunicado-conjunto-5.png'><img loading=\"lazy\" decoding=\"async\" width=\"150\" height=\"150\" src=\"https:\/\/sinprofaz.org.br\/2024\/wp-content\/uploads\/2026\/03\/comunicado-conjunto-5-150x150.png\" class=\"attachment-thumbnail size-thumbnail\" alt=\"\" \/><\/a>\n\t\t\t<\/dt><\/dl><dl class='gallery-item'>\n\t\t\t<dt class='gallery-icon landscape'>\n\t\t\t\t<a href='https:\/\/sinprofaz.org.br\/2024\/wp-content\/uploads\/2026\/03\/Sinprofaz-e-CNM-2.png'><img loading=\"lazy\" decoding=\"async\" width=\"150\" height=\"150\" src=\"https:\/\/sinprofaz.org.br\/2024\/wp-content\/uploads\/2026\/03\/Sinprofaz-e-CNM-2-150x150.png\" class=\"attachment-thumbnail size-thumbnail\" alt=\"\" \/><\/a>\n\t\t\t<\/dt><\/dl><dl class='gallery-item'>\n\t\t\t<dt class='gallery-icon landscape'>\n\t\t\t\t<a href='https:\/\/sinprofaz.org.br\/2024\/wp-content\/uploads\/2026\/03\/Sinprofaz-e-CNM-3.png'><img loading=\"lazy\" decoding=\"async\" width=\"150\" height=\"150\" src=\"https:\/\/sinprofaz.org.br\/2024\/wp-content\/uploads\/2026\/03\/Sinprofaz-e-CNM-3-150x150.png\" class=\"attachment-thumbnail size-thumbnail\" alt=\"\" \/><\/a>\n\t\t\t<\/dt><\/dl><br style=\"clear: both\" \/>\n\t\t<\/div>\n\n","protected":false},"excerpt":{"rendered":"<p>Semin\u00e1rio reuniu autoridades e especialistas para discutir os avan\u00e7os da legisla\u00e7\u00e3o e seu impacto na atua\u00e7\u00e3o da advocacia p\u00fablica.<\/p>\n","protected":false},"author":2,"featured_media":20639,"comment_status":"open","ping_status":"open","sticky":false,"template":"","format":"standard","meta":{"footnotes":""},"categories":[8],"tags":[34,43,502,515,516,213,309,517,514,135],"featured_image_url":"https:\/\/sinprofaz.org.br\/2024\/wp-content\/uploads\/2026\/03\/reuniao-Advocacia-Publica-na-ANAPE-2-1.png","character_count":1588,"formatted_date":"17\/03\/2026 - 18:34","contentNovo":"O Sindicato Nacional dos Procuradores da Fazenda Nacional (Sinprofaz) participou, nesta ter\u00e7a-feira (17), do primeiro dia do semin\u00e1rio \u201c10 anos do C\u00f3digo de Processo Civil (2015\u20132025)\u201d. O evento, segue at\u00e9 o dia 18 e re\u00fane especialistas para debater os avan\u00e7os e desafios do CPC na \u00faltima d\u00e9cada.\r\n\r\nRepresentaram o sindicato a presidente, Val\u00e9ria Ferreira; o diretor jur\u00eddico, Paulo Gon\u00e7alves; e a diretora de Assuntos Relativos aos Aposentados e Servi\u00e7os Assistenciais, Maria Aparecida Silva.\r\n\r\nNa ocasi\u00e3o, a presidente Val\u00e9ria Ferreira homenageou o senador Efraim Filho, que em sua fala discursou sobre os honor\u00e1rios da advocacia, destacando o tema como um cap\u00edtulo importante e fruto de uma grande mobiliza\u00e7\u00e3o. Durante a elabora\u00e7\u00e3o do novo CPC, o parlamentar prop\u00f4s emendas para assegurar a participa\u00e7\u00e3o de advogados p\u00fablicos em honor\u00e1rios sucumbenciais.\r\n\r\n\u201cN\u00f3s trouxemos esse tema, discutimos a comiss\u00e3o especial, teve a vota\u00e7\u00e3o na Comiss\u00e3o especial. Eu lembro at\u00e9 hoje do placar foi: dez a nove, n\u00f3s perdemos na Comiss\u00e3o especial e a\u00ed a turma ficou numa tristeza, mas eu confiava na minha percep\u00e7\u00e3o de meritocracia do servi\u00e7o p\u00fablico era preciso trazer esse reconhecimento. Quem est\u00e1 na advocacia p\u00fablica especialmente na AGU, \u00e9 dotado de uma fibra moral diferenciada para poder defender o Estado e a\u00ed, n\u00f3s levamos para o plen\u00e1rio com a orienta\u00e7\u00e3o contr\u00e1ria dos l\u00edderes de bancada o grupo, o time, fez o trabalho de formiguinha conversando um a um e na hora da vota\u00e7\u00e3o, n\u00f3s fizemos um destaque e esse destaque foi aprovado pela maioria da C\u00e2mara dos Deputados para poder fazer um instrumento hoje que d\u00e1 dignidade, da seguran\u00e7a, da paz do esp\u00edrito, e portanto mais efici\u00eancia e produtividade no final da linha para quem presta servi\u00e7o que s\u00e3o voc\u00eas\u201d.\r\n\r\nO senador encerrou refor\u00e7ando que o CPC 2015 n\u00e3o \u00e9 apenas um livro de regras, mas um pacto pela efici\u00eancia. \u201cQue os pr\u00f3ximos 10 anos sejam de ainda mais inova\u00e7\u00e3o sempre com foco naquele que \u00e9 o verdadeiro destinat\u00e1rio do nosso trabalho: o cidad\u00e3o brasileiro\u201d.\r\n\r\nPromovido pela Escola Superior da Advocacia-Geral da Uni\u00e3o (ESAGU), o semin\u00e1rio \u00e9 considerado um dos principais encontros jur\u00eddicos do ano. Realizado em Bras\u00edlia, o evento re\u00fane ministros do STF e do STJ, magistrados, membros do Minist\u00e9rio P\u00fablico, advogados e representantes da Advocacia P\u00fablica para discutir o presente e o futuro do processo civil no pa\u00eds.\r\n\r\nA sua programa\u00e7\u00e3o foi estruturada para alcan\u00e7ar um p\u00fablico amplo, incluindo membros e servidores da AGU, operadores do Direito e estudantes, promovendo um espa\u00e7o qualificado de reflex\u00e3o e troca de experi\u00eancias sobre o sistema processual brasileiro.\r\n\r\n[gallery link=\"file\" ids=\"20643,20638,20634,20637,20642,20635,20636,20640,20641\"]","_links":{"self":[{"href":"https:\/\/sinprofaz.org.br\/2024\/wp-json\/wp\/v2\/posts\/20633"}],"collection":[{"href":"https:\/\/sinprofaz.org.br\/2024\/wp-json\/wp\/v2\/posts"}],"about":[{"href":"https:\/\/sinprofaz.org.br\/2024\/wp-json\/wp\/v2\/types\/post"}],"author":[{"embeddable":true,"href":"https:\/\/sinprofaz.org.br\/2024\/wp-json\/wp\/v2\/users\/2"}],"replies":[{"embeddable":true,"href":"https:\/\/sinprofaz.org.br\/2024\/wp-json\/wp\/v2\/comments?post=20633"}],"version-history":[{"count":2,"href":"https:\/\/sinprofaz.org.br\/2024\/wp-json\/wp\/v2\/posts\/20633\/revisions"}],"predecessor-version":[{"id":20645,"href":"https:\/\/sinprofaz.org.br\/2024\/wp-json\/wp\/v2\/posts\/20633\/revisions\/20645"}],"wp:featuredmedia":[{"embeddable":true,"href":"https:\/\/sinprofaz.org.br\/2024\/wp-json\/wp\/v2\/media\/20639"}],"wp:attachment":[{"href":"https:\/\/sinprofaz.org.br\/2024\/wp-json\/wp\/v2\/media?parent=20633"}],"wp:term":[{"taxonomy":"category","embeddable":true,"href":"https:\/\/sinprofaz.org.br\/2024\/wp-json\/wp\/v2\/categories?post=20633"},{"taxonomy":"post_tag","embeddable":true,"href":"https:\/\/sinprofaz.org.br\/2024\/wp-json\/wp\/v2\/tags?post=20633"}],"curies":[{"name":"wp","href":"https:\/\/api.w.org\/{rel}","templated":true}]}}