{"id":20630,"date":"2026-03-16T11:53:48","date_gmt":"2026-03-16T14:53:48","guid":{"rendered":"https:\/\/sinprofaz.org.br\/2024\/?p=20630"},"modified":"2026-03-16T11:53:48","modified_gmt":"2026-03-16T14:53:48","slug":"sinprofaz-participa-do-congresso-internacional-de-direito-tributario-do-iat-2026","status":"publish","type":"post","link":"https:\/\/sinprofaz.org.br\/2024\/noticias\/sinprofaz-participa-do-congresso-internacional-de-direito-tributario-do-iat-2026\/","title":{"rendered":"Sinprofaz participa do Congresso Internacional de Direito Tribut\u00e1rio do IAT 2026"},"content":{"rendered":"<p>Sindicato Nacional dos Procuradores da Fazenda Nacional (Sinprofaz) estar\u00e1 presente no Congresso Internacional de Direito Tribut\u00e1rio do Instituto de Aplica\u00e7\u00e3o do Tributo (IAT) de 2026, que acontece entre os dias 23 e 25 de mar\u00e7o. A edi\u00e7\u00e3o deste ano contar\u00e1 com homenagem \u00e0 Procuradora-Geral da Fazenda Nacional, Anelize Lenzi Ruas de Almeida, e ter\u00e1 como presidente de honra o ex-presidente do Supremo Tribunal Federal, Lu\u00eds Roberto Barroso.<\/p>\n<p>O evento ainda reunir\u00e1 especialistas do Brasil e do exterior em um ambiente de troca entre profissionais do setor p\u00fablico, da iniciativa privada e do meio acad\u00eamico, com foco nos desafios, tend\u00eancias e inova\u00e7\u00f5es que v\u00eam moldando o presente e o futuro da tributa\u00e7\u00e3o.<\/p>\n<p>Representantes do Sinprofaz, entre eles a presidente, Val\u00e9ria Ferreira, e o diretor de Assuntos Profissionais e Estudos T\u00e9cnicos, Ricardo Almeida Zacharias, participar\u00e3o da programa\u00e7\u00e3o do evento, contribuindo com debates sobre temas centrais do Direito Tribut\u00e1rio, como reforma tribut\u00e1ria, transa\u00e7\u00e3o tribut\u00e1ria, processo administrativo fiscal digital e novos mecanismos de gest\u00e3o do contencioso.<\/p>\n<p><strong>Confira a programa\u00e7\u00e3o do dia 23:<\/strong><\/p>\n<p>12h \u2013 13h15 \u2013 Val\u00e9ria Ferreira, presidente do Sinprofaz, participa da mesa com o tema: O redesenho da federa\u00e7\u00e3o.<\/p>\n<p>16h \u2013 17h15 \u2013 O procurador da Fazenda Nacional Fabr\u00edcio Sarmanho participa da mesa com o tema: Processo administrativo fiscal digital: big data e racionalidade procedimental.<\/p>\n<p>16h \u2013 17h15 \u2013 A procuradora da Fazenda Nacional Yohana Valle de Oliveira participa da mesa com o tema: Cr\u00e9dito no IBS e CBS: mecanismos, limites e pontos de tens\u00e3o.<\/p>\n<p>Programa\u00e7\u00e3o do dia 24:<\/p>\n<p>09h \u2013 10h45 \u2013 O procurador da Fazenda Nacional Caio Chady participa da mesa com o tema: Recupera\u00e7\u00e3o extrajudicial de tributo e neg\u00f3cio jur\u00eddico processual.<\/p>\n<p>14h \u2013 15h15 \u2013 O procurador da Fazenda Nacional Hermes Benevides Neto participa da mesa com o tema: Modelagem econ\u00f4mico-jur\u00eddica da transa\u00e7\u00e3o e revis\u00e3o de CAPAG.<\/p>\n<p>15h30 \u2013 16h45 \u2013 A procuradora da Fazenda Nacional Sirlaine Pracucho participa da mesa com o tema: O Termo de Transa\u00e7\u00e3o: garantias, procedimentalidade e monitoramento de obriga\u00e7\u00f5es.<\/p>\n<p>15h30 \u2013 16h45 \u2013 O procurador da Fazenda Nacional Ricardo Almeida Zacharias, diretor de Assuntos Profissionais e Estudos T\u00e9cnicos do Sinprofaz, participa da mesa com o tema: Impactos da Reforma Tribut\u00e1ria no setor de infraestrutura.<\/p>\n<p>O Sinprofaz parabeniza os procuradores da Fazenda Nacional pela participa\u00e7\u00e3o no congresso e pela contribui\u00e7\u00e3o qualificada ao debate acad\u00eamico e institucional sobre os rumos do sistema tribut\u00e1rio brasileiro. O Sindicato tamb\u00e9m convida seus associados a acompanharem a programa\u00e7\u00e3o do evento e a prestigiarem as mesas.<\/p>\n<p>Mais informa\u00e7\u00f5es sobre o congresso e a programa\u00e7\u00e3o completa podem ser acessadas em: <a href=\"http:\/\/www.institutoiat.org\/congresso-iat-2026\">www.institutoiat.org\/congresso-iat-2026<\/a>.<\/p>\n","protected":false},"excerpt":{"rendered":"<p>A edi\u00e7\u00e3o deste ano contar\u00e1 com homenagem \u00e0 Procuradora-Geral da Fazenda Nacional e ter\u00e1 como presidente de honra o ex-presidente do STF<\/p>\n","protected":false},"author":2,"featured_media":20631,"comment_status":"open","ping_status":"open","sticky":false,"template":"","format":"standard","meta":{"footnotes":""},"categories":[8],"tags":[511,513,381,512,261,128,135,257],"featured_image_url":"https:\/\/sinprofaz.org.br\/2024\/wp-content\/uploads\/2026\/03\/Congresso-internacional.png","character_count":1441,"formatted_date":"16\/03\/2026 - 11:53","contentNovo":"Sindicato Nacional dos Procuradores da Fazenda Nacional (Sinprofaz) estar\u00e1 presente no Congresso Internacional de Direito Tribut\u00e1rio do Instituto de Aplica\u00e7\u00e3o do Tributo (IAT) de 2026, que acontece entre os dias 23 e 25 de mar\u00e7o. A edi\u00e7\u00e3o deste ano contar\u00e1 com homenagem \u00e0 Procuradora-Geral da Fazenda Nacional, Anelize Lenzi Ruas de Almeida, e ter\u00e1 como presidente de honra o ex-presidente do Supremo Tribunal Federal, Lu\u00eds Roberto Barroso.\r\n\r\nO evento ainda reunir\u00e1 especialistas do Brasil e do exterior em um ambiente de troca entre profissionais do setor p\u00fablico, da iniciativa privada e do meio acad\u00eamico, com foco nos desafios, tend\u00eancias e inova\u00e7\u00f5es que v\u00eam moldando o presente e o futuro da tributa\u00e7\u00e3o.\r\n\r\nRepresentantes do Sinprofaz, entre eles a presidente, Val\u00e9ria Ferreira, e o diretor de Assuntos Profissionais e Estudos T\u00e9cnicos, Ricardo Almeida Zacharias, participar\u00e3o da programa\u00e7\u00e3o do evento, contribuindo com debates sobre temas centrais do Direito Tribut\u00e1rio, como reforma tribut\u00e1ria, transa\u00e7\u00e3o tribut\u00e1ria, processo administrativo fiscal digital e novos mecanismos de gest\u00e3o do contencioso.\r\n\r\n<strong>Confira a programa\u00e7\u00e3o do dia 23:<\/strong>\r\n\r\n12h \u2013 13h15 \u2013 Val\u00e9ria Ferreira, presidente do Sinprofaz, participa da mesa com o tema: O redesenho da federa\u00e7\u00e3o.\r\n\r\n16h \u2013 17h15 \u2013 O procurador da Fazenda Nacional Fabr\u00edcio Sarmanho participa da mesa com o tema: Processo administrativo fiscal digital: big data e racionalidade procedimental.\r\n\r\n16h \u2013 17h15 \u2013 A procuradora da Fazenda Nacional Yohana Valle de Oliveira participa da mesa com o tema: Cr\u00e9dito no IBS e CBS: mecanismos, limites e pontos de tens\u00e3o.\r\n\r\nPrograma\u00e7\u00e3o do dia 24:\r\n\r\n09h \u2013 10h45 \u2013 O procurador da Fazenda Nacional Caio Chady participa da mesa com o tema: Recupera\u00e7\u00e3o extrajudicial de tributo e neg\u00f3cio jur\u00eddico processual.\r\n\r\n14h \u2013 15h15 \u2013 O procurador da Fazenda Nacional Hermes Benevides Neto participa da mesa com o tema: Modelagem econ\u00f4mico-jur\u00eddica da transa\u00e7\u00e3o e revis\u00e3o de CAPAG.\r\n\r\n15h30 \u2013 16h45 \u2013 A procuradora da Fazenda Nacional Sirlaine Pracucho participa da mesa com o tema: O Termo de Transa\u00e7\u00e3o: garantias, procedimentalidade e monitoramento de obriga\u00e7\u00f5es.\r\n\r\n15h30 \u2013 16h45 \u2013 O procurador da Fazenda Nacional Ricardo Almeida Zacharias, diretor de Assuntos Profissionais e Estudos T\u00e9cnicos do Sinprofaz, participa da mesa com o tema: Impactos da Reforma Tribut\u00e1ria no setor de infraestrutura.\r\n\r\nO Sinprofaz parabeniza os procuradores da Fazenda Nacional pela participa\u00e7\u00e3o no congresso e pela contribui\u00e7\u00e3o qualificada ao debate acad\u00eamico e institucional sobre os rumos do sistema tribut\u00e1rio brasileiro. O Sindicato tamb\u00e9m convida seus associados a acompanharem a programa\u00e7\u00e3o do evento e a prestigiarem as mesas.\r\n\r\nMais informa\u00e7\u00f5es sobre o congresso e a programa\u00e7\u00e3o completa podem ser acessadas em: <a href=\"http:\/\/www.institutoiat.org\/congresso-iat-2026\">www.institutoiat.org\/congresso-iat-2026<\/a>.","_links":{"self":[{"href":"https:\/\/sinprofaz.org.br\/2024\/wp-json\/wp\/v2\/posts\/20630"}],"collection":[{"href":"https:\/\/sinprofaz.org.br\/2024\/wp-json\/wp\/v2\/posts"}],"about":[{"href":"https:\/\/sinprofaz.org.br\/2024\/wp-json\/wp\/v2\/types\/post"}],"author":[{"embeddable":true,"href":"https:\/\/sinprofaz.org.br\/2024\/wp-json\/wp\/v2\/users\/2"}],"replies":[{"embeddable":true,"href":"https:\/\/sinprofaz.org.br\/2024\/wp-json\/wp\/v2\/comments?post=20630"}],"version-history":[{"count":1,"href":"https:\/\/sinprofaz.org.br\/2024\/wp-json\/wp\/v2\/posts\/20630\/revisions"}],"predecessor-version":[{"id":20632,"href":"https:\/\/sinprofaz.org.br\/2024\/wp-json\/wp\/v2\/posts\/20630\/revisions\/20632"}],"wp:featuredmedia":[{"embeddable":true,"href":"https:\/\/sinprofaz.org.br\/2024\/wp-json\/wp\/v2\/media\/20631"}],"wp:attachment":[{"href":"https:\/\/sinprofaz.org.br\/2024\/wp-json\/wp\/v2\/media?parent=20630"}],"wp:term":[{"taxonomy":"category","embeddable":true,"href":"https:\/\/sinprofaz.org.br\/2024\/wp-json\/wp\/v2\/categories?post=20630"},{"taxonomy":"post_tag","embeddable":true,"href":"https:\/\/sinprofaz.org.br\/2024\/wp-json\/wp\/v2\/tags?post=20630"}],"curies":[{"name":"wp","href":"https:\/\/api.w.org\/{rel}","templated":true}]}}