{"id":20626,"date":"2026-03-10T11:23:04","date_gmt":"2026-03-10T14:23:04","guid":{"rendered":"https:\/\/sinprofaz.org.br\/2024\/?p=20626"},"modified":"2026-03-10T11:23:04","modified_gmt":"2026-03-10T14:23:04","slug":"sinprofaz-participa-de-reuniao-com-o-deputado-federal-valdir-cobalchini","status":"publish","type":"post","link":"https:\/\/sinprofaz.org.br\/2024\/noticias\/sinprofaz-participa-de-reuniao-com-o-deputado-federal-valdir-cobalchini\/","title":{"rendered":"Sinprofaz participa de reuni\u00e3o com o deputado federal Valdir Cobalchini"},"content":{"rendered":"<p>O Sindicato Nacional dos Procuradores da Fazenda Nacional (Sinprofaz) reuniu-se com o deputado federal Valdir Cobalchini (MDB) para tratar de agenda parlamentar de interesse da Advocacia P\u00fablica Federal.<\/p>\n<p>O encontro foi realizado no escrit\u00f3rio de representa\u00e7\u00e3o do parlamentar em Florian\u00f3polis\/SC e contou tamb\u00e9m com a participa\u00e7\u00e3o da Associa\u00e7\u00e3o Nacional dos Advogados da Uni\u00e3o (Anauni). A entidade foi representada pelo Advogado da Uni\u00e3o Andr\u00e9 C\u00f3rdova, enquanto o Sinprofaz esteve representado pelo Procurador da Fazenda Nacional Francisco Sab\u00f3ia.<\/p>\n<p>A reuni\u00e3o refor\u00e7a a import\u00e2ncia do di\u00e1logo institucional entre as entidades representativas da Advocacia P\u00fablica Federal e o Parlamento sobre temas de interesse da carreira.<\/p>\n","protected":false},"excerpt":{"rendered":"<p>Reuni\u00e3o refor\u00e7ou o di\u00e1logo institucional sobre pautas de interesse da Advocacia P\u00fablica Federal.<\/p>\n","protected":false},"author":2,"featured_media":20627,"comment_status":"open","ping_status":"open","sticky":false,"template":"","format":"standard","meta":{"footnotes":""},"categories":[8],"tags":[66,510,282,261,473,135,509],"featured_image_url":"https:\/\/sinprofaz.org.br\/2024\/wp-content\/uploads\/2026\/03\/reuniao-Valdir-Cobalchini.png","character_count":371,"formatted_date":"10\/03\/2026 - 11:23","contentNovo":"O Sindicato Nacional dos Procuradores da Fazenda Nacional (Sinprofaz) reuniu-se com o deputado federal Valdir Cobalchini (MDB) para tratar de agenda parlamentar de interesse da Advocacia P\u00fablica Federal.\r\n\r\nO encontro foi realizado no escrit\u00f3rio de representa\u00e7\u00e3o do parlamentar em Florian\u00f3polis\/SC e contou tamb\u00e9m com a participa\u00e7\u00e3o da Associa\u00e7\u00e3o Nacional dos Advogados da Uni\u00e3o (Anauni). A entidade foi representada pelo Advogado da Uni\u00e3o Andr\u00e9 C\u00f3rdova, enquanto o Sinprofaz esteve representado pelo Procurador da Fazenda Nacional Francisco Sab\u00f3ia.\r\n\r\nA reuni\u00e3o refor\u00e7a a import\u00e2ncia do di\u00e1logo institucional entre as entidades representativas da Advocacia P\u00fablica Federal e o Parlamento sobre temas de interesse da carreira.","_links":{"self":[{"href":"https:\/\/sinprofaz.org.br\/2024\/wp-json\/wp\/v2\/posts\/20626"}],"collection":[{"href":"https:\/\/sinprofaz.org.br\/2024\/wp-json\/wp\/v2\/posts"}],"about":[{"href":"https:\/\/sinprofaz.org.br\/2024\/wp-json\/wp\/v2\/types\/post"}],"author":[{"embeddable":true,"href":"https:\/\/sinprofaz.org.br\/2024\/wp-json\/wp\/v2\/users\/2"}],"replies":[{"embeddable":true,"href":"https:\/\/sinprofaz.org.br\/2024\/wp-json\/wp\/v2\/comments?post=20626"}],"version-history":[{"count":1,"href":"https:\/\/sinprofaz.org.br\/2024\/wp-json\/wp\/v2\/posts\/20626\/revisions"}],"predecessor-version":[{"id":20628,"href":"https:\/\/sinprofaz.org.br\/2024\/wp-json\/wp\/v2\/posts\/20626\/revisions\/20628"}],"wp:featuredmedia":[{"embeddable":true,"href":"https:\/\/sinprofaz.org.br\/2024\/wp-json\/wp\/v2\/media\/20627"}],"wp:attachment":[{"href":"https:\/\/sinprofaz.org.br\/2024\/wp-json\/wp\/v2\/media?parent=20626"}],"wp:term":[{"taxonomy":"category","embeddable":true,"href":"https:\/\/sinprofaz.org.br\/2024\/wp-json\/wp\/v2\/categories?post=20626"},{"taxonomy":"post_tag","embeddable":true,"href":"https:\/\/sinprofaz.org.br\/2024\/wp-json\/wp\/v2\/tags?post=20626"}],"curies":[{"name":"wp","href":"https:\/\/api.w.org\/{rel}","templated":true}]}}