{"id":20622,"date":"2026-03-06T12:09:37","date_gmt":"2026-03-06T15:09:37","guid":{"rendered":"https:\/\/sinprofaz.org.br\/2024\/?p=20622"},"modified":"2026-03-06T12:09:37","modified_gmt":"2026-03-06T15:09:37","slug":"sinprofaz-participa-de-reuniao-com-entidades-da-advocacia-publica-na-anape","status":"publish","type":"post","link":"https:\/\/sinprofaz.org.br\/2024\/noticias\/sinprofaz-participa-de-reuniao-com-entidades-da-advocacia-publica-na-anape\/","title":{"rendered":"Sinprofaz participa de reuni\u00e3o com entidades da Advocacia P\u00fablica na ANAPE"},"content":{"rendered":"<p>O Sindicato Nacional dos Procuradores da Fazenda Nacional (Sinprofaz) participou, nesta quinta-feira (5), de reuni\u00e3o com a Associa\u00e7\u00e3o Nacional dos Procuradores dos Estados e do Distrito Federal (ANAPE), ao lado de outras entidades representativas da Advocacia P\u00fablica: Anauni, ANPFN, Anafe e APESP.<\/p>\n<p>O encontro teve como objetivo discutir pautas estrat\u00e9gicas voltadas \u00e0 valoriza\u00e7\u00e3o, \u00e0 defesa institucional e ao fortalecimento da Advocacia P\u00fablica no pa\u00eds.<\/p>\n<p>A iniciativa refor\u00e7a a import\u00e2ncia do di\u00e1logo permanente e da atua\u00e7\u00e3o conjunta entre as entidades representativas na constru\u00e7\u00e3o de agendas comuns em defesa das carreiras e do interesse p\u00fablico.<\/p>\n<p>O Sinprofaz agradece \u00e0 ANAPE e ao seu presidente, Vicente Braga, pela recep\u00e7\u00e3o e pela oportunidade de di\u00e1logo produtivo entre as institui\u00e7\u00f5es.<\/p>\n\n\t\t<style type=\"text\/css\">\n\t\t\t#gallery-1 {\n\t\t\t\tmargin: auto;\n\t\t\t}\n\t\t\t#gallery-1 .gallery-item {\n\t\t\t\tfloat: left;\n\t\t\t\tmargin-top: 10px;\n\t\t\t\ttext-align: center;\n\t\t\t\twidth: 33%;\n\t\t\t}\n\t\t\t#gallery-1 img {\n\t\t\t\tborder: 2px solid #cfcfcf;\n\t\t\t}\n\t\t\t#gallery-1 .gallery-caption {\n\t\t\t\tmargin-left: 0;\n\t\t\t}\n\t\t\t\/* see gallery_shortcode() in wp-includes\/media.php *\/\n\t\t<\/style>\n\t\t<div id='gallery-1' class='gallery galleryid-20622 gallery-columns-3 gallery-size-thumbnail'><dl class='gallery-item'>\n\t\t\t<dt class='gallery-icon landscape'>\n\t\t\t\t<a href='https:\/\/sinprofaz.org.br\/2024\/wp-content\/uploads\/2026\/03\/reuniao-Advocacia-Publica-na-ANAPE-2.png'><img loading=\"lazy\" decoding=\"async\" width=\"150\" height=\"150\" src=\"https:\/\/sinprofaz.org.br\/2024\/wp-content\/uploads\/2026\/03\/reuniao-Advocacia-Publica-na-ANAPE-2-150x150.png\" class=\"attachment-thumbnail size-thumbnail\" alt=\"\" \/><\/a>\n\t\t\t<\/dt><\/dl>\n\t\t\t<br style='clear: both' \/>\n\t\t<\/div>\n\n","protected":false},"excerpt":{"rendered":"<p>Reuni\u00e3o debateu pautas estrat\u00e9gicas para valoriza\u00e7\u00e3o e fortalecimento da Advocacia P\u00fablica no pa\u00eds.<\/p>\n","protected":false},"author":2,"featured_media":20624,"comment_status":"open","ping_status":"open","sticky":false,"template":"","format":"standard","meta":{"footnotes":""},"categories":[8],"tags":[34,506,115,508,135,507],"featured_image_url":"https:\/\/sinprofaz.org.br\/2024\/wp-content\/uploads\/2026\/03\/reuniao-Advocacia-Publica-na-ANAPE.png","character_count":587,"formatted_date":"06\/03\/2026 - 12:09","contentNovo":"O Sindicato Nacional dos Procuradores da Fazenda Nacional (Sinprofaz) participou, nesta quinta-feira (5), de reuni\u00e3o com a Associa\u00e7\u00e3o Nacional dos Procuradores dos Estados e do Distrito Federal (ANAPE), ao lado de outras entidades representativas da Advocacia P\u00fablica: Anauni, ANPFN, Anafe e APESP.\r\n\r\nO encontro teve como objetivo discutir pautas estrat\u00e9gicas voltadas \u00e0 valoriza\u00e7\u00e3o, \u00e0 defesa institucional e ao fortalecimento da Advocacia P\u00fablica no pa\u00eds.\r\n\r\nA iniciativa refor\u00e7a a import\u00e2ncia do di\u00e1logo permanente e da atua\u00e7\u00e3o conjunta entre as entidades representativas na constru\u00e7\u00e3o de agendas comuns em defesa das carreiras e do interesse p\u00fablico.\r\n\r\nO Sinprofaz agradece \u00e0 ANAPE e ao seu presidente, Vicente Braga, pela recep\u00e7\u00e3o e pela oportunidade de di\u00e1logo produtivo entre as institui\u00e7\u00f5es.\r\n\r\n[gallery link=\"file\" ids=\"20623\"]","_links":{"self":[{"href":"https:\/\/sinprofaz.org.br\/2024\/wp-json\/wp\/v2\/posts\/20622"}],"collection":[{"href":"https:\/\/sinprofaz.org.br\/2024\/wp-json\/wp\/v2\/posts"}],"about":[{"href":"https:\/\/sinprofaz.org.br\/2024\/wp-json\/wp\/v2\/types\/post"}],"author":[{"embeddable":true,"href":"https:\/\/sinprofaz.org.br\/2024\/wp-json\/wp\/v2\/users\/2"}],"replies":[{"embeddable":true,"href":"https:\/\/sinprofaz.org.br\/2024\/wp-json\/wp\/v2\/comments?post=20622"}],"version-history":[{"count":1,"href":"https:\/\/sinprofaz.org.br\/2024\/wp-json\/wp\/v2\/posts\/20622\/revisions"}],"predecessor-version":[{"id":20625,"href":"https:\/\/sinprofaz.org.br\/2024\/wp-json\/wp\/v2\/posts\/20622\/revisions\/20625"}],"wp:featuredmedia":[{"embeddable":true,"href":"https:\/\/sinprofaz.org.br\/2024\/wp-json\/wp\/v2\/media\/20624"}],"wp:attachment":[{"href":"https:\/\/sinprofaz.org.br\/2024\/wp-json\/wp\/v2\/media?parent=20622"}],"wp:term":[{"taxonomy":"category","embeddable":true,"href":"https:\/\/sinprofaz.org.br\/2024\/wp-json\/wp\/v2\/categories?post=20622"},{"taxonomy":"post_tag","embeddable":true,"href":"https:\/\/sinprofaz.org.br\/2024\/wp-json\/wp\/v2\/tags?post=20622"}],"curies":[{"name":"wp","href":"https:\/\/api.w.org\/{rel}","templated":true}]}}