{"id":20615,"date":"2026-03-05T18:09:11","date_gmt":"2026-03-05T21:09:11","guid":{"rendered":"https:\/\/sinprofaz.org.br\/2024\/?p=20615"},"modified":"2026-03-06T09:32:28","modified_gmt":"2026-03-06T12:32:28","slug":"sinprofaz-realiza-assembleia-geral-ordinaria-de-2026","status":"publish","type":"post","link":"https:\/\/sinprofaz.org.br\/2024\/noticias\/sinprofaz-realiza-assembleia-geral-ordinaria-de-2026\/","title":{"rendered":"Sinprofaz realiza Assembleia Geral Ordin\u00e1ria de 2026"},"content":{"rendered":"<p>O Sindicato Nacional dos Procuradores da Fazenda Nacional (Sinprofaz) realiza, no dia 28 de mar\u00e7o, a Assembleia Geral Ordin\u00e1ria (AGO) de 2026. Para facilitar a participa\u00e7\u00e3o dos filiados, a entidade disponibiliza a procura\u00e7\u00e3o da AGO em formato PDF para download no site.<\/p>\n<p>O documento \u00e9 o mesmo encaminhado anteriormente via Correios \u00e0s resid\u00eancias dos membros da carreira. A disponibiliza\u00e7\u00e3o online oferece uma alternativa pr\u00e1tica para quem preferir baixar, preencher e enviar o documento digitalmente.<\/p>\n<p>Para realizar o procedimento, siga o passo a passo:<\/p>\n<ul>\n<li><a href=\"https:\/\/sinprofaz.org.br\/2024\/wp-content\/uploads\/2026\/03\/5-PROCURACAO-PARA-ASSEMBLEIA-GERAL-ORDINARIA-2026-1.pdf\">Clique aqui<\/a> e fa\u00e7a o download da Procura\u00e7\u00e3o da AGO 2026<\/li>\n<li>Imprima o documento<\/li>\n<li>Preencha e assine a procura\u00e7\u00e3o<\/li>\n<li>Fotografe ou escaneie o documento preenchido<\/li>\n<li>Envie o arquivo para: <a href=\"mailto:secretaria@sinprofaz.org.br\">secretaria@sinprofaz.org.br<\/a><\/li>\n<\/ul>\n<p>Al\u00e9m disso, a procura\u00e7\u00e3o eletr\u00f4nica tamb\u00e9m permanece dispon\u00edvel no aplicativo, permitindo o preenchimento diretamente pela plataforma.<\/p>\n<p>Com mais essa alternativa, o Sinprofaz amplia as formas de participa\u00e7\u00e3o dos filiados na AGO 2026, garantindo praticidade e seguran\u00e7a no processo.<\/p>\n","protected":false},"excerpt":{"rendered":"<p>Documento pode ser baixado em PDF, preenchido e enviado por e-mail \u00e0 secretaria do sindicato.<\/p>\n","protected":false},"author":2,"featured_media":20621,"comment_status":"open","ping_status":"open","sticky":false,"template":"","format":"standard","meta":{"footnotes":""},"categories":[8],"tags":[41,505,191,504,135],"featured_image_url":"https:\/\/sinprofaz.org.br\/2024\/wp-content\/uploads\/2026\/03\/ago-2026.png","character_count":532,"formatted_date":"05\/03\/2026 - 18:09","contentNovo":"O Sindicato Nacional dos Procuradores da Fazenda Nacional (Sinprofaz) realiza, no dia 28 de mar\u00e7o, a Assembleia Geral Ordin\u00e1ria (AGO) de 2026. Para facilitar a participa\u00e7\u00e3o dos filiados, a entidade disponibiliza a procura\u00e7\u00e3o da AGO em formato PDF para download no site.\r\n\r\nO documento \u00e9 o mesmo encaminhado anteriormente via Correios \u00e0s resid\u00eancias dos membros da carreira. A disponibiliza\u00e7\u00e3o online oferece uma alternativa pr\u00e1tica para quem preferir baixar, preencher e enviar o documento digitalmente.\r\n\r\nPara realizar o procedimento, siga o passo a passo:\r\n\r\n \t<a href=\"https:\/\/sinprofaz.org.br\/2024\/wp-content\/uploads\/2026\/03\/5-PROCURACAO-PARA-ASSEMBLEIA-GERAL-ORDINARIA-2026-1.pdf\">Clique aqui<\/a> e fa\u00e7a o download da Procura\u00e7\u00e3o da AGO 2026\r\n \tImprima o documento\r\n \tPreencha e assine a procura\u00e7\u00e3o\r\n \tFotografe ou escaneie o documento preenchido\r\n \tEnvie o arquivo para: <a href=\"mailto:secretaria@sinprofaz.org.br\">secretaria@sinprofaz.org.br<\/a>\r\n\r\nAl\u00e9m disso, a procura\u00e7\u00e3o eletr\u00f4nica tamb\u00e9m permanece dispon\u00edvel no aplicativo, permitindo o preenchimento diretamente pela plataforma.\r\n\r\nCom mais essa alternativa, o Sinprofaz amplia as formas de participa\u00e7\u00e3o dos filiados na AGO 2026, garantindo praticidade e seguran\u00e7a no processo.","_links":{"self":[{"href":"https:\/\/sinprofaz.org.br\/2024\/wp-json\/wp\/v2\/posts\/20615"}],"collection":[{"href":"https:\/\/sinprofaz.org.br\/2024\/wp-json\/wp\/v2\/posts"}],"about":[{"href":"https:\/\/sinprofaz.org.br\/2024\/wp-json\/wp\/v2\/types\/post"}],"author":[{"embeddable":true,"href":"https:\/\/sinprofaz.org.br\/2024\/wp-json\/wp\/v2\/users\/2"}],"replies":[{"embeddable":true,"href":"https:\/\/sinprofaz.org.br\/2024\/wp-json\/wp\/v2\/comments?post=20615"}],"version-history":[{"count":1,"href":"https:\/\/sinprofaz.org.br\/2024\/wp-json\/wp\/v2\/posts\/20615\/revisions"}],"predecessor-version":[{"id":20620,"href":"https:\/\/sinprofaz.org.br\/2024\/wp-json\/wp\/v2\/posts\/20615\/revisions\/20620"}],"wp:featuredmedia":[{"embeddable":true,"href":"https:\/\/sinprofaz.org.br\/2024\/wp-json\/wp\/v2\/media\/20621"}],"wp:attachment":[{"href":"https:\/\/sinprofaz.org.br\/2024\/wp-json\/wp\/v2\/media?parent=20615"}],"wp:term":[{"taxonomy":"category","embeddable":true,"href":"https:\/\/sinprofaz.org.br\/2024\/wp-json\/wp\/v2\/categories?post=20615"},{"taxonomy":"post_tag","embeddable":true,"href":"https:\/\/sinprofaz.org.br\/2024\/wp-json\/wp\/v2\/tags?post=20615"}],"curies":[{"name":"wp","href":"https:\/\/api.w.org\/{rel}","templated":true}]}}