{"id":20612,"date":"2026-03-04T16:16:46","date_gmt":"2026-03-04T19:16:46","guid":{"rendered":"https:\/\/sinprofaz.org.br\/2024\/?p=20612"},"modified":"2026-03-05T17:38:47","modified_gmt":"2026-03-05T20:38:47","slug":"sinprofaz-informa-a-realizacao-de-seminario-sobre-os-10-anos-do-cpc","status":"publish","type":"post","link":"https:\/\/sinprofaz.org.br\/2024\/noticias\/sinprofaz-informa-a-realizacao-de-seminario-sobre-os-10-anos-do-cpc\/","title":{"rendered":"Sinprofaz informa a realiza\u00e7\u00e3o de semin\u00e1rio sobre os 10 anos do CPC"},"content":{"rendered":"<p>O Sindicato Nacional dos Procuradores da Fazenda Nacional (Sinprofaz) informa a realiza\u00e7\u00e3o do semin\u00e1rio \u201c10 anos do C\u00f3digo de Processo Civil (2015\u20132025)\u201d, promovido pela Escola Superior da Advocacia-Geral da Uni\u00e3o (ESAGU). O evento acontece nos dias 17 e 18 de mar\u00e7o, em Bras\u00edlia\/DF. A abertura contar\u00e1 com debate entre Jorge Messias, ministro da Advocacia-Geral da Uni\u00e3o (AGU); Jo\u00e3o Carlos Souto, diretor-geral da ESAGU; e Beto Simonetti, presidente da Ordem dos Advogados do Brasil (OAB).<\/p>\n<p>A agenda do primeiro dia da programa\u00e7\u00e3o inclui cerim\u00f4nia de homenagem a autoridades que contribu\u00edram para a aprova\u00e7\u00e3o do C\u00f3digo de Processo Civil de 2015, entre elas o ministro do Supremo Tribunal Federal, Luiz Fux, que ir\u00e1 ministrar a palestra magna do primeiro dia do evento.<\/p>\n<p>O evento reunir\u00e1 tamb\u00e9m especialistas e autoridades para debater os principais impactos do C\u00f3digo na atua\u00e7\u00e3o da Fazenda P\u00fablica ao longo da \u00faltima d\u00e9cada. A programa\u00e7\u00e3o conta ainda com temas centrais para a Advocacia P\u00fablica, como o sistema de precedentes, recursos, tutela provis\u00f3ria, solu\u00e7\u00f5es consensuais, execu\u00e7\u00e3o fiscal e a litig\u00e2ncia em massa contra o Estado. Tamb\u00e9m ser\u00e3o discutidas iniciativas e boas pr\u00e1ticas voltadas \u00e0 redu\u00e7\u00e3o da litigiosidade e ao fortalecimento da pacifica\u00e7\u00e3o social.<\/p>\n<p>O Sinprofaz refor\u00e7a a relev\u00e2ncia do semin\u00e1rio para o aperfei\u00e7oamento institucional e para o fortalecimento da atua\u00e7\u00e3o estrat\u00e9gica dos Procuradores da Fazenda Nacional.<\/p>\n<p>Confira a programa\u00e7\u00e3o completa <a href=\"https:\/\/sinprofaz.org.br\/2024\/wp-content\/uploads\/2026\/03\/10-ANOS-CPC-PROGRAMACAO-COMPLETA.pdf\">clicando aqui<\/a> e inscreva-se.<\/p>\n","protected":false},"excerpt":{"rendered":"<p>Semin\u00e1rio debate os 10 anos do C\u00f3digo de Processo Civil e seus impactos na atua\u00e7\u00e3o da Fazenda.<\/p>\n","protected":false},"author":2,"featured_media":20613,"comment_status":"open","ping_status":"open","sticky":false,"template":"","format":"standard","meta":{"footnotes":""},"categories":[8],"tags":[503,34,278,43,502,57,213,261,286,135],"featured_image_url":"https:\/\/sinprofaz.org.br\/2024\/wp-content\/uploads\/2026\/03\/capa-noticias.png","character_count":776,"formatted_date":"04\/03\/2026 - 16:16","contentNovo":"O Sindicato Nacional dos Procuradores da Fazenda Nacional (Sinprofaz) informa a realiza\u00e7\u00e3o do semin\u00e1rio \u201c10 anos do C\u00f3digo de Processo Civil (2015\u20132025)\u201d, promovido pela Escola Superior da Advocacia-Geral da Uni\u00e3o (ESAGU). O evento acontece nos dias 17 e 18 de mar\u00e7o, em Bras\u00edlia\/DF. A abertura contar\u00e1 com debate entre Jorge Messias, ministro da Advocacia-Geral da Uni\u00e3o (AGU); Jo\u00e3o Carlos Souto, diretor-geral da ESAGU; e Beto Simonetti, presidente da Ordem dos Advogados do Brasil (OAB).\r\n\r\nA agenda do primeiro dia da programa\u00e7\u00e3o inclui cerim\u00f4nia de homenagem a autoridades que contribu\u00edram para a aprova\u00e7\u00e3o do C\u00f3digo de Processo Civil de 2015, entre elas o ministro do Supremo Tribunal Federal, Luiz Fux, que ir\u00e1 ministrar a palestra magna do primeiro dia do evento.\r\n\r\nO evento reunir\u00e1 tamb\u00e9m especialistas e autoridades para debater os principais impactos do C\u00f3digo na atua\u00e7\u00e3o da Fazenda P\u00fablica ao longo da \u00faltima d\u00e9cada. A programa\u00e7\u00e3o conta ainda com temas centrais para a Advocacia P\u00fablica, como o sistema de precedentes, recursos, tutela provis\u00f3ria, solu\u00e7\u00f5es consensuais, execu\u00e7\u00e3o fiscal e a litig\u00e2ncia em massa contra o Estado. Tamb\u00e9m ser\u00e3o discutidas iniciativas e boas pr\u00e1ticas voltadas \u00e0 redu\u00e7\u00e3o da litigiosidade e ao fortalecimento da pacifica\u00e7\u00e3o social.\r\n\r\nO Sinprofaz refor\u00e7a a relev\u00e2ncia do semin\u00e1rio para o aperfei\u00e7oamento institucional e para o fortalecimento da atua\u00e7\u00e3o estrat\u00e9gica dos Procuradores da Fazenda Nacional.\r\n\r\nConfira a programa\u00e7\u00e3o completa <a href=\"https:\/\/sinprofaz.org.br\/2024\/wp-content\/uploads\/2026\/03\/10-ANOS-CPC-PROGRAMACAO-COMPLETA.pdf\">clicando aqui<\/a> e inscreva-se.","_links":{"self":[{"href":"https:\/\/sinprofaz.org.br\/2024\/wp-json\/wp\/v2\/posts\/20612"}],"collection":[{"href":"https:\/\/sinprofaz.org.br\/2024\/wp-json\/wp\/v2\/posts"}],"about":[{"href":"https:\/\/sinprofaz.org.br\/2024\/wp-json\/wp\/v2\/types\/post"}],"author":[{"embeddable":true,"href":"https:\/\/sinprofaz.org.br\/2024\/wp-json\/wp\/v2\/users\/2"}],"replies":[{"embeddable":true,"href":"https:\/\/sinprofaz.org.br\/2024\/wp-json\/wp\/v2\/comments?post=20612"}],"version-history":[{"count":2,"href":"https:\/\/sinprofaz.org.br\/2024\/wp-json\/wp\/v2\/posts\/20612\/revisions"}],"predecessor-version":[{"id":20619,"href":"https:\/\/sinprofaz.org.br\/2024\/wp-json\/wp\/v2\/posts\/20612\/revisions\/20619"}],"wp:featuredmedia":[{"embeddable":true,"href":"https:\/\/sinprofaz.org.br\/2024\/wp-json\/wp\/v2\/media\/20613"}],"wp:attachment":[{"href":"https:\/\/sinprofaz.org.br\/2024\/wp-json\/wp\/v2\/media?parent=20612"}],"wp:term":[{"taxonomy":"category","embeddable":true,"href":"https:\/\/sinprofaz.org.br\/2024\/wp-json\/wp\/v2\/categories?post=20612"},{"taxonomy":"post_tag","embeddable":true,"href":"https:\/\/sinprofaz.org.br\/2024\/wp-json\/wp\/v2\/tags?post=20612"}],"curies":[{"name":"wp","href":"https:\/\/api.w.org\/{rel}","templated":true}]}}