{"id":2060,"date":"2014-12-18T17:37:36","date_gmt":"2014-12-18T17:37:36","guid":{"rendered":""},"modified":"-0001-11-30T00:00:00","modified_gmt":"-0001-11-30T03:00:00","slug":"honorarios-cobertura-fotografica-traca-retrospectiva-das-acoes-no-congresso-nacional","status":"publish","type":"post","link":"https:\/\/sinprofaz.org.br\/2024\/noticias\/honorarios-cobertura-fotografica-traca-retrospectiva-das-acoes-no-congresso-nacional\/","title":{"rendered":"Honor\u00e1rios: cobertura fotogr\u00e1fica tra\u00e7a retrospectiva das a\u00e7\u00f5es no Congresso Nacional"},"content":{"rendered":"<p><span style=\"line-height: 20.4799995422363px;\"><img loading=\"lazy\" decoding=\"async\" style=\"margin-right: 10px; margin-bottom: 10px; float: left;\" alt=\"\" src=\"images\/noticias\/honorarios-cobertura-fotografica-traca-retrospectiva-das-acoes-no-congresso-nacional\/01.jpg\" height=\"157\" width=\"218\" \/>O dia a dia da atua\u00e7\u00e3o parlamentar em prol dos Honor\u00e1rios foi amplamente registrado desde as articula\u00e7\u00f5es e vota\u00e7\u00e3o na C\u00e2mara at\u00e9 as \u00faltimas negocia\u00e7\u00f5es e delibera\u00e7\u00e3o final no Senado.<\/span><\/p>\n<p>A diretoria do SINPROFAZ e outras lideran\u00e7as do Movimento Pr\u00f3-Honor\u00e1rios trabalharam intensamente neste ano de 2014 para garantir a previs\u00e3o dos honor\u00e1rios sucumbenciais no \u00e2mbito do PLS 166\/2010, que disp\u00f5e sobre o Novo C\u00f3digo de Processo Civil.<\/p>\n<p>O projeto foi aprovado conclusivamente esta semana e agora resta a san\u00e7\u00e3o da Presidente da Rep\u00fablica.<\/p>\n<p>O Sindicato sugere aos filiados que visitem a galeria de fotos a seguir e vejam momentos marcantes desta importante luta da Advocacia P\u00fablica Federal.<\/p>\n<p><a href=\"https:\/\/www.facebook.com\/media\/set\/?set=a.811656438872580.1073741867.228633793841517&amp;type=3\" target=\"_blank\">Galeria de fotos<\/a> &#8211; Luta do SINPROFAZ pelos Honor\u00e1rios<\/p>\n","protected":false},"excerpt":{"rendered":"<p>O dia a dia da atua\u00e7\u00e3o parlamentar em prol dos Honor\u00e1rios foi amplamente registrado desde as articula\u00e7\u00f5es e vota\u00e7\u00e3o na C\u00e2mara at\u00e9 as \u00faltimas negocia\u00e7\u00f5es e delibera\u00e7\u00e3o final no Senado.<\/p>\n","protected":false},"author":1,"featured_media":0,"comment_status":"closed","ping_status":"open","sticky":false,"template":"","format":"standard","meta":{"footnotes":""},"categories":[8],"tags":[],"featured_image_url":"https:\/\/dummyimage.com\/720x400","character_count":386,"formatted_date":"18\/12\/2014 - 17:37","contentNovo":"\r\n<p>O dia a dia da atua\u00e7\u00e3o parlamentar em prol dos Honor\u00e1rios foi amplamente registrado desde as articula\u00e7\u00f5es e vota\u00e7\u00e3o na C\u00e2mara at\u00e9 as \u00faltimas negocia\u00e7\u00f5es e delibera\u00e7\u00e3o final no Senado.<\/p>\r\n<p>A diretoria do SINPROFAZ e outras lideran\u00e7as do Movimento Pr\u00f3-Honor\u00e1rios trabalharam intensamente neste ano de 2014 para garantir a previs\u00e3o dos honor\u00e1rios sucumbenciais no \u00e2mbito do PLS 166\/2010, que disp\u00f5e sobre o Novo C\u00f3digo de Processo Civil.<\/p>\r\n<p>O projeto foi aprovado conclusivamente esta semana e agora resta a san\u00e7\u00e3o da Presidente da Rep\u00fablica.<\/p>\r\n<p>O Sindicato sugere aos filiados que visitem a galeria de fotos a seguir e vejam momentos marcantes desta importante luta da Advocacia P\u00fablica Federal.<\/p>\r\n<p><a href=\"https:\/\/www.facebook.com\/media\/set\/?set=a.811656438872580.1073741867.228633793841517&amp;type=3\" target=\"_blank\">Galeria de fotos<\/a> - Luta do SINPROFAZ pelos Honor\u00e1rios<\/p>","_links":{"self":[{"href":"https:\/\/sinprofaz.org.br\/2024\/wp-json\/wp\/v2\/posts\/2060"}],"collection":[{"href":"https:\/\/sinprofaz.org.br\/2024\/wp-json\/wp\/v2\/posts"}],"about":[{"href":"https:\/\/sinprofaz.org.br\/2024\/wp-json\/wp\/v2\/types\/post"}],"author":[{"embeddable":true,"href":"https:\/\/sinprofaz.org.br\/2024\/wp-json\/wp\/v2\/users\/1"}],"replies":[{"embeddable":true,"href":"https:\/\/sinprofaz.org.br\/2024\/wp-json\/wp\/v2\/comments?post=2060"}],"version-history":[{"count":0,"href":"https:\/\/sinprofaz.org.br\/2024\/wp-json\/wp\/v2\/posts\/2060\/revisions"}],"wp:attachment":[{"href":"https:\/\/sinprofaz.org.br\/2024\/wp-json\/wp\/v2\/media?parent=2060"}],"wp:term":[{"taxonomy":"category","embeddable":true,"href":"https:\/\/sinprofaz.org.br\/2024\/wp-json\/wp\/v2\/categories?post=2060"},{"taxonomy":"post_tag","embeddable":true,"href":"https:\/\/sinprofaz.org.br\/2024\/wp-json\/wp\/v2\/tags?post=2060"}],"curies":[{"name":"wp","href":"https:\/\/api.w.org\/{rel}","templated":true}]}}