{"id":2058,"date":"2014-12-17T19:30:42","date_gmt":"2014-12-17T19:30:42","guid":{"rendered":""},"modified":"-0001-11-30T00:00:00","modified_gmt":"-0001-11-30T03:00:00","slug":"honorarios-sinprofaz-reune-se-com-o-agu","status":"publish","type":"post","link":"https:\/\/sinprofaz.org.br\/2024\/noticias\/honorarios-sinprofaz-reune-se-com-o-agu\/","title":{"rendered":"Honor\u00e1rios: SINPROFAZ re\u00fane-se com o AGU"},"content":{"rendered":"<p><img loading=\"lazy\" decoding=\"async\" style=\"margin-right: 10px; margin-bottom: 10px; float: left;\" alt=\"\" src=\"images\/noticias\/honorarios-sinprofaz-reune-se-com-o-agu\/01.jpg\" height=\"157\" width=\"218\" \/>O SINPROFAZ, representado pelo presidente Her\u00e1clio Camargo, e as demais entidades da Advocacia P\u00fablica Municipal, Estadual e Federal reuniram-se com o Advogado-Geral da Uni\u00e3o.<\/p>\n<p>A reuni\u00e3o foi muito produtiva e ocorreu um dia ap\u00f3s importante vit\u00f3ria da Advocacia P\u00fablica com a aprova\u00e7\u00e3o ontem, 16\/12, da previs\u00e3o dos honor\u00e1rios sucumbenciais para os advogados p\u00fablicos, no plen\u00e1rio do Senado, no \u00e2mbito do projeto do novo CPC (PLS 166\/2010).<\/p>\n<p>O Advogado-Geral da Uni\u00e3o ouviu atentamente as pondera\u00e7\u00f5es dos l\u00edderes sindicais e associativos sobre o car\u00e1ter nacional da mat\u00e9ria, que tamb\u00e9m respeita o federalismo.<\/p>\n<p>A Advocacia P\u00fablica do Brasil continuar\u00e1 atuante e vigilante at\u00e9 a san\u00e7\u00e3o do dispositivo que prev\u00ea os honor\u00e1rios sucumbenciais aos Advogados P\u00fablicos no novo C\u00f3digo de Processo Civil (Art. 85, Par\u00e1grafo 19).<\/p>\n","protected":false},"excerpt":{"rendered":"<p>O SINPROFAZ, representado pelo presidente Her\u00e1clio Camargo, e as demais entidades da Advocacia P\u00fablica Municipal, Estadual e Federal reuniram-se com o Advogado-Geral da Uni\u00e3o.<\/p>\n","protected":false},"author":1,"featured_media":0,"comment_status":"closed","ping_status":"open","sticky":false,"template":"","format":"standard","meta":{"footnotes":""},"categories":[8],"tags":[],"featured_image_url":"https:\/\/dummyimage.com\/720x400","character_count":423,"formatted_date":"17\/12\/2014 - 19:30","contentNovo":"\r\n<p>O SINPROFAZ, representado pelo presidente Her\u00e1clio Camargo, e as demais entidades da Advocacia P\u00fablica Municipal, Estadual e Federal reuniram-se com o Advogado-Geral da Uni\u00e3o.<\/p>\r\n<p>A reuni\u00e3o foi muito produtiva e ocorreu um dia ap\u00f3s importante vit\u00f3ria da Advocacia P\u00fablica com a aprova\u00e7\u00e3o ontem, 16\/12, da previs\u00e3o dos honor\u00e1rios sucumbenciais para os advogados p\u00fablicos, no plen\u00e1rio do Senado, no \u00e2mbito do projeto do novo CPC (PLS 166\/2010).<\/p>\r\n<p>O Advogado-Geral da Uni\u00e3o ouviu atentamente as pondera\u00e7\u00f5es dos l\u00edderes sindicais e associativos sobre o car\u00e1ter nacional da mat\u00e9ria, que tamb\u00e9m respeita o federalismo.<\/p>\r\n<p>A Advocacia P\u00fablica do Brasil continuar\u00e1 atuante e vigilante at\u00e9 a san\u00e7\u00e3o do dispositivo que prev\u00ea os honor\u00e1rios sucumbenciais aos Advogados P\u00fablicos no novo C\u00f3digo de Processo Civil (Art. 85, Par\u00e1grafo 19).<\/p>","_links":{"self":[{"href":"https:\/\/sinprofaz.org.br\/2024\/wp-json\/wp\/v2\/posts\/2058"}],"collection":[{"href":"https:\/\/sinprofaz.org.br\/2024\/wp-json\/wp\/v2\/posts"}],"about":[{"href":"https:\/\/sinprofaz.org.br\/2024\/wp-json\/wp\/v2\/types\/post"}],"author":[{"embeddable":true,"href":"https:\/\/sinprofaz.org.br\/2024\/wp-json\/wp\/v2\/users\/1"}],"replies":[{"embeddable":true,"href":"https:\/\/sinprofaz.org.br\/2024\/wp-json\/wp\/v2\/comments?post=2058"}],"version-history":[{"count":0,"href":"https:\/\/sinprofaz.org.br\/2024\/wp-json\/wp\/v2\/posts\/2058\/revisions"}],"wp:attachment":[{"href":"https:\/\/sinprofaz.org.br\/2024\/wp-json\/wp\/v2\/media?parent=2058"}],"wp:term":[{"taxonomy":"category","embeddable":true,"href":"https:\/\/sinprofaz.org.br\/2024\/wp-json\/wp\/v2\/categories?post=2058"},{"taxonomy":"post_tag","embeddable":true,"href":"https:\/\/sinprofaz.org.br\/2024\/wp-json\/wp\/v2\/tags?post=2058"}],"curies":[{"name":"wp","href":"https:\/\/api.w.org\/{rel}","templated":true}]}}