{"id":2055,"date":"2014-12-15T15:08:29","date_gmt":"2014-12-15T15:08:29","guid":{"rendered":""},"modified":"-0001-11-30T00:00:00","modified_gmt":"-0001-11-30T03:00:00","slug":"senado-honorarios-dos-advogados-publicos-no-novo-cpc","status":"publish","type":"post","link":"https:\/\/sinprofaz.org.br\/2024\/noticias\/senado-honorarios-dos-advogados-publicos-no-novo-cpc\/","title":{"rendered":"Senado: Honor\u00e1rios dos Advogados P\u00fablicos no novo CPC"},"content":{"rendered":"<p>A sess\u00e3o extraordin\u00e1ria para vota\u00e7\u00e3o da mat\u00e9ria est\u00e1 marcada para 11h desta ter\u00e7a-feira (16). Van sair\u00e1 do pr\u00e9dio da PGFN \u00e0s 10h45.<\/p>\n<p>Apesar de a vota\u00e7\u00e3o n\u00e3o ter ocorrido semana passada, uma importante vit\u00f3ria foi registrada: a retirada do requerimento do senador Aloysio Nunes Ferreira (PSDB-SP), solicitando que o substitutivo da C\u00e2mara, que disp\u00f5e sobre o novo C\u00f3digo de Processo Civil, fosse analisado pela Comiss\u00e3o de Constitui\u00e7\u00e3o, Justi\u00e7a e de Cidadania (CCJC).<\/p>\n<p>Com a retirada do requerimento, confirmou-se a inclus\u00e3o da mat\u00e9ria na sess\u00e3o extraordin\u00e1ria de amanh\u00e3.O SINPROFAZ vai acompanhar os trabalhos desta ter\u00e7a no Senado e conta com a participa\u00e7\u00e3o dos Colegas de Bras\u00edlia para fortalecer a presen\u00e7a da Carreira na referida sess\u00e3o.<\/p>\n","protected":false},"excerpt":{"rendered":"<p>O SINPROFAZ reitera a convoca\u00e7\u00e3o aos Colegas PFNs lotados em Bras\u00edlia para que compare\u00e7am ao Senado Federal amanh\u00e3, 16\/12, e acompanhem a vota\u00e7\u00e3o do PLS 166\/2010.<\/p>\n","protected":false},"author":1,"featured_media":0,"comment_status":"closed","ping_status":"open","sticky":false,"template":"","format":"standard","meta":{"footnotes":""},"categories":[8],"tags":[],"featured_image_url":"https:\/\/dummyimage.com\/720x400","character_count":386,"formatted_date":"15\/12\/2014 - 15:08","contentNovo":"\r\n<p>A sess\u00e3o extraordin\u00e1ria para vota\u00e7\u00e3o da mat\u00e9ria est\u00e1 marcada para 11h desta ter\u00e7a-feira (16). Van sair\u00e1 do pr\u00e9dio da PGFN \u00e0s 10h45.<\/p>\r\n<p>Apesar de a vota\u00e7\u00e3o n\u00e3o ter ocorrido semana passada, uma importante vit\u00f3ria foi registrada: a retirada do requerimento do senador Aloysio Nunes Ferreira (PSDB-SP), solicitando que o substitutivo da C\u00e2mara, que disp\u00f5e sobre o novo C\u00f3digo de Processo Civil, fosse analisado pela Comiss\u00e3o de Constitui\u00e7\u00e3o, Justi\u00e7a e de Cidadania (CCJC).<\/p>\r\n<p>Com a retirada do requerimento, confirmou-se a inclus\u00e3o da mat\u00e9ria na sess\u00e3o extraordin\u00e1ria de amanh\u00e3.O SINPROFAZ vai acompanhar os trabalhos desta ter\u00e7a no Senado e conta com a participa\u00e7\u00e3o dos Colegas de Bras\u00edlia para fortalecer a presen\u00e7a da Carreira na referida sess\u00e3o.<\/p>","_links":{"self":[{"href":"https:\/\/sinprofaz.org.br\/2024\/wp-json\/wp\/v2\/posts\/2055"}],"collection":[{"href":"https:\/\/sinprofaz.org.br\/2024\/wp-json\/wp\/v2\/posts"}],"about":[{"href":"https:\/\/sinprofaz.org.br\/2024\/wp-json\/wp\/v2\/types\/post"}],"author":[{"embeddable":true,"href":"https:\/\/sinprofaz.org.br\/2024\/wp-json\/wp\/v2\/users\/1"}],"replies":[{"embeddable":true,"href":"https:\/\/sinprofaz.org.br\/2024\/wp-json\/wp\/v2\/comments?post=2055"}],"version-history":[{"count":0,"href":"https:\/\/sinprofaz.org.br\/2024\/wp-json\/wp\/v2\/posts\/2055\/revisions"}],"wp:attachment":[{"href":"https:\/\/sinprofaz.org.br\/2024\/wp-json\/wp\/v2\/media?parent=2055"}],"wp:term":[{"taxonomy":"category","embeddable":true,"href":"https:\/\/sinprofaz.org.br\/2024\/wp-json\/wp\/v2\/categories?post=2055"},{"taxonomy":"post_tag","embeddable":true,"href":"https:\/\/sinprofaz.org.br\/2024\/wp-json\/wp\/v2\/tags?post=2055"}],"curies":[{"name":"wp","href":"https:\/\/api.w.org\/{rel}","templated":true}]}}