{"id":2048,"date":"2014-12-09T22:31:15","date_gmt":"2014-12-09T22:31:15","guid":{"rendered":""},"modified":"-0001-11-30T00:00:00","modified_gmt":"-0001-11-30T03:00:00","slug":"honorarios-sinprofaz-atua-nos-bastidores-para-aprovacao-no-senado","status":"publish","type":"post","link":"https:\/\/sinprofaz.org.br\/2024\/noticias\/honorarios-sinprofaz-atua-nos-bastidores-para-aprovacao-no-senado\/","title":{"rendered":"Honor\u00e1rios: SINPROFAZ atua nos bastidores para aprova\u00e7\u00e3o no Senado"},"content":{"rendered":"<p><img loading=\"lazy\" decoding=\"async\" style=\"margin-right: 10px; margin-bottom: 10px; float: left;\" alt=\"1\" src=\"images\/noticias\/senadores-apoiam-honorarios\/1.jpg\" height=\"143\" width=\"190\" \/>Na v\u00e9spera da vota\u00e7\u00e3o da mat\u00e9ria no plen\u00e1rio do Senado, presidente do SINPROFAZ e demais lideran\u00e7as da Advocacia P\u00fablica Federal fazem corpo a corpo na Casa para consolidar apoios \u00e0 aprova\u00e7\u00e3o do projeto do novo CPC com manuten\u00e7\u00e3o dos honor\u00e1rios de sucumb\u00eancia.<\/p>\n<p>A sess\u00e3o extraordin\u00e1ria para votar o Projeto de Lei do Senado 166\/2010, que disp\u00f5e sobre o novo C\u00f3digo de Processo Civil, est\u00e1 marcada para as 11h desta quarta-feira, 10\/12.<\/p>\n<p>Hoje (9), o presidente do Sindicato, Her\u00e1clio Camargo, e dirigentes de outras carreiras da Advocacia P\u00fablica Federal dialogaram com v\u00e1rios senadores com o prop\u00f3sito de esclarec\u00ea-los sobre a import\u00e2ncia de manter a previs\u00e3o de honor\u00e1rios de sucumb\u00eancia aos Advogados P\u00fablicos no texto do novo CPC, conforme est\u00e1 disposto no art. 85, \u00a7 19.<\/p>\n<p>Entre os senadores abordados nesta ter\u00e7a-feira, o SINPROFAZ destaca aqueles que declararam apoio expl\u00edcito \u00e0 aprova\u00e7\u00e3o da mat\u00e9ria: Humberto Costa (PT-PE), Roberto Requi\u00e3o (PMDB-PR), Alvaro Dias (PSDB-PR), Ana Am\u00e9lia (PP-RS), Mozarildo Cavalcanti (PTB-RR) e Francisco Dornelles (PP-RJ).<\/p>\n<p>O SINPROFAZ reitera a convoca\u00e7\u00e3o para que os Colegas PFNs lotados em Bras\u00edlia compare\u00e7am amanh\u00e3 ao Senado Federal, \u00e0s 11h, para acompanhar a sess\u00e3o extraordin\u00e1ria que poder\u00e1 aprovar os honor\u00e1rios.<\/p>\n<p style=\"text-align: center;\"><img loading=\"lazy\" decoding=\"async\" style=\"margin: 5px;\" src=\"images\/noticias\/senadores-apoiam-honorarios\/2.jpg\" height=\"135\" width=\"180\" \/><img loading=\"lazy\" decoding=\"async\" style=\"margin: 5px;\" src=\"images\/noticias\/senadores-apoiam-honorarios\/3.jpg\" height=\"135\" width=\"180\" \/><img loading=\"lazy\" decoding=\"async\" style=\"margin: 5px;\" src=\"images\/noticias\/senadores-apoiam-honorarios\/4.jpg\" height=\"135\" width=\"180\" \/><img loading=\"lazy\" decoding=\"async\" style=\"margin: 5px;\" src=\"images\/noticias\/senadores-apoiam-honorarios\/5.jpg\" height=\"135\" width=\"180\" \/><img loading=\"lazy\" decoding=\"async\" style=\"margin: 5px;\" src=\"images\/noticias\/senadores-apoiam-honorarios\/6.jpg\" height=\"135\" width=\"180\" \/><\/p>\n","protected":false},"excerpt":{"rendered":"<p>Na v\u00e9spera da vota\u00e7\u00e3o da mat\u00e9ria no plen\u00e1rio do Senado, presidente do SINPROFAZ e demais lideran\u00e7as da Advocacia P\u00fablica Federal fazem corpo a corpo na Casa para consolidar apoios \u00e0 aprova\u00e7\u00e3o do projeto do novo CPC com manuten\u00e7\u00e3o dos honor\u00e1rios de sucumb\u00eancia.<\/p>\n","protected":false},"author":1,"featured_media":0,"comment_status":"closed","ping_status":"open","sticky":false,"template":"","format":"standard","meta":{"footnotes":""},"categories":[8],"tags":[],"featured_image_url":"https:\/\/dummyimage.com\/720x400","character_count":653,"formatted_date":"09\/12\/2014 - 22:31","contentNovo":"\r\n<p>Na v\u00e9spera da vota\u00e7\u00e3o da mat\u00e9ria no plen\u00e1rio do Senado, presidente do SINPROFAZ e demais lideran\u00e7as da Advocacia P\u00fablica Federal fazem corpo a corpo na Casa para consolidar apoios \u00e0 aprova\u00e7\u00e3o do projeto do novo CPC com manuten\u00e7\u00e3o dos honor\u00e1rios de sucumb\u00eancia.<\/p>\r\n<p>A sess\u00e3o extraordin\u00e1ria para votar o Projeto de Lei do Senado 166\/2010, que disp\u00f5e sobre o novo C\u00f3digo de Processo Civil, est\u00e1 marcada para as 11h desta quarta-feira, 10\/12.<\/p>\r\n<p>Hoje (9), o presidente do Sindicato, Her\u00e1clio Camargo, e dirigentes de outras carreiras da Advocacia P\u00fablica Federal dialogaram com v\u00e1rios senadores com o prop\u00f3sito de esclarec\u00ea-los sobre a import\u00e2ncia de manter a previs\u00e3o de honor\u00e1rios de sucumb\u00eancia aos Advogados P\u00fablicos no texto do novo CPC, conforme est\u00e1 disposto no art. 85, \u00a7 19.<\/p>\r\n<p>Entre os senadores abordados nesta ter\u00e7a-feira, o SINPROFAZ destaca aqueles que declararam apoio expl\u00edcito \u00e0 aprova\u00e7\u00e3o da mat\u00e9ria: Humberto Costa (PT-PE), Roberto Requi\u00e3o (PMDB-PR), Alvaro Dias (PSDB-PR), Ana Am\u00e9lia (PP-RS), Mozarildo Cavalcanti (PTB-RR) e Francisco Dornelles (PP-RJ).<\/p>\r\n<p>O SINPROFAZ reitera a convoca\u00e7\u00e3o para que os Colegas PFNs lotados em Bras\u00edlia compare\u00e7am amanh\u00e3 ao Senado Federal, \u00e0s 11h, para acompanhar a sess\u00e3o extraordin\u00e1ria que poder\u00e1 aprovar os honor\u00e1rios.<\/p>\r\n<p style=\"text-align: center;\"><\/p>","_links":{"self":[{"href":"https:\/\/sinprofaz.org.br\/2024\/wp-json\/wp\/v2\/posts\/2048"}],"collection":[{"href":"https:\/\/sinprofaz.org.br\/2024\/wp-json\/wp\/v2\/posts"}],"about":[{"href":"https:\/\/sinprofaz.org.br\/2024\/wp-json\/wp\/v2\/types\/post"}],"author":[{"embeddable":true,"href":"https:\/\/sinprofaz.org.br\/2024\/wp-json\/wp\/v2\/users\/1"}],"replies":[{"embeddable":true,"href":"https:\/\/sinprofaz.org.br\/2024\/wp-json\/wp\/v2\/comments?post=2048"}],"version-history":[{"count":0,"href":"https:\/\/sinprofaz.org.br\/2024\/wp-json\/wp\/v2\/posts\/2048\/revisions"}],"wp:attachment":[{"href":"https:\/\/sinprofaz.org.br\/2024\/wp-json\/wp\/v2\/media?parent=2048"}],"wp:term":[{"taxonomy":"category","embeddable":true,"href":"https:\/\/sinprofaz.org.br\/2024\/wp-json\/wp\/v2\/categories?post=2048"},{"taxonomy":"post_tag","embeddable":true,"href":"https:\/\/sinprofaz.org.br\/2024\/wp-json\/wp\/v2\/tags?post=2048"}],"curies":[{"name":"wp","href":"https:\/\/api.w.org\/{rel}","templated":true}]}}