{"id":2046,"date":"2014-12-09T17:46:04","date_gmt":"2014-12-09T17:46:04","guid":{"rendered":""},"modified":"-0001-11-30T00:00:00","modified_gmt":"-0001-11-30T03:00:00","slug":"pec-82-advogados-publicos-conquistam-apoio-do-deputado-lourival-mendes-ptdob-ma","status":"publish","type":"post","link":"https:\/\/sinprofaz.org.br\/2024\/noticias\/pec-82-advogados-publicos-conquistam-apoio-do-deputado-lourival-mendes-ptdob-ma\/","title":{"rendered":"PEC 82: Advogados P\u00fablicos conquistam apoio do deputado Lourival Mendes (PTdoB-MA)"},"content":{"rendered":"<p><img loading=\"lazy\" decoding=\"async\" src=\"images\/noticias\/pec-82\/09-12-2014\/01.jpg\" width=\"218\" height=\"157\" style=\"margin-right: 10px; float: left;\" \/><\/p>\n<p><span style=\"line-height: 20.4799995422363px;\">Colegas PFNs e das demais Carreiras da Advocacia P\u00fablica atuam em conjunto na busca de apoios de deputados pela aprova\u00e7\u00e3o da PEC da Probidade.<\/span><\/p>\n<p>A Procuradora da Fazenda Nacional Veridiana de Macedo Amaral de Santana representou o SINPROFAZ em audi\u00eancia com o deputado Lourival Mendes (PTdoB-MA).<\/p>\n<p>O parlamentar ouviu as pondera\u00e7\u00f5es dos Advogados P\u00fablicos e se comprometeu a defender a aprova\u00e7\u00e3o da PEC 82\/2007 junto a seus pares, pelo bem do Estado Brasileiro e pelo fortalecimento da gest\u00e3o p\u00fablica.<\/p>\n","protected":false},"excerpt":{"rendered":"<p>Colegas PFNs e das demais Carreiras da Advocacia P\u00fablica atuam em conjunto na busca de apoios de deputados pela aprova\u00e7\u00e3o da PEC da Probidade.<\/p>\n","protected":false},"author":1,"featured_media":0,"comment_status":"closed","ping_status":"open","sticky":false,"template":"","format":"standard","meta":{"footnotes":""},"categories":[8],"tags":[],"featured_image_url":"https:\/\/dummyimage.com\/720x400","character_count":256,"formatted_date":"09\/12\/2014 - 17:46","contentNovo":"\r\n<p><\/p>\r\n<p>Colegas PFNs e das demais Carreiras da Advocacia P\u00fablica atuam em conjunto na busca de apoios de deputados pela aprova\u00e7\u00e3o da PEC da Probidade.<\/p>\r\n<p>A Procuradora da Fazenda Nacional Veridiana de Macedo Amaral de Santana representou o SINPROFAZ em audi\u00eancia com o deputado Lourival Mendes (PTdoB-MA).<\/p>\r\n<p>O parlamentar ouviu as pondera\u00e7\u00f5es dos Advogados P\u00fablicos e se comprometeu a defender a aprova\u00e7\u00e3o da PEC 82\/2007 junto a seus pares, pelo bem do Estado Brasileiro e pelo fortalecimento da gest\u00e3o p\u00fablica.<\/p>","_links":{"self":[{"href":"https:\/\/sinprofaz.org.br\/2024\/wp-json\/wp\/v2\/posts\/2046"}],"collection":[{"href":"https:\/\/sinprofaz.org.br\/2024\/wp-json\/wp\/v2\/posts"}],"about":[{"href":"https:\/\/sinprofaz.org.br\/2024\/wp-json\/wp\/v2\/types\/post"}],"author":[{"embeddable":true,"href":"https:\/\/sinprofaz.org.br\/2024\/wp-json\/wp\/v2\/users\/1"}],"replies":[{"embeddable":true,"href":"https:\/\/sinprofaz.org.br\/2024\/wp-json\/wp\/v2\/comments?post=2046"}],"version-history":[{"count":0,"href":"https:\/\/sinprofaz.org.br\/2024\/wp-json\/wp\/v2\/posts\/2046\/revisions"}],"wp:attachment":[{"href":"https:\/\/sinprofaz.org.br\/2024\/wp-json\/wp\/v2\/media?parent=2046"}],"wp:term":[{"taxonomy":"category","embeddable":true,"href":"https:\/\/sinprofaz.org.br\/2024\/wp-json\/wp\/v2\/categories?post=2046"},{"taxonomy":"post_tag","embeddable":true,"href":"https:\/\/sinprofaz.org.br\/2024\/wp-json\/wp\/v2\/tags?post=2046"}],"curies":[{"name":"wp","href":"https:\/\/api.w.org\/{rel}","templated":true}]}}