{"id":2043,"date":"2014-12-04T17:34:10","date_gmt":"2014-12-04T17:34:10","guid":{"rendered":""},"modified":"-0001-11-30T00:00:00","modified_gmt":"-0001-11-30T03:00:00","slug":"honorarios-convocacao-geral","status":"publish","type":"post","link":"https:\/\/sinprofaz.org.br\/2024\/noticias\/honorarios-convocacao-geral\/","title":{"rendered":"Honor\u00e1rios: convoca\u00e7\u00e3o geral"},"content":{"rendered":"<p>Como a agenda da semana que vem do Senado ainda n\u00e3o foi divulgada, a vota\u00e7\u00e3o, que est\u00e1 prevista para quarta-feira (10), pode ocorrer em sess\u00e3o extraordin\u00e1ria ou na sess\u00e3o ordin\u00e1ria da Casa, que sempre inicia \u00e0s 14h.<\/p>\n<p>Dessa forma, o Sindicato recomenda que os Colegas PFNs se concentrem nas imedia\u00e7\u00f5es do plen\u00e1rio do Senado, a partir das 11h. A ideia \u00e9 fazer plant\u00e3o na Casa, atuando no corpo a corpo com os senadores e tamb\u00e9m marcando presen\u00e7a nas galerias do plen\u00e1rio.<\/p>\n","protected":false},"excerpt":{"rendered":"<p>O SINPROFAZ convoca os Procuradores da Fazenda a comparecerem ao Senado Federal no pr\u00f3ximo dia 10\/12, para acompanhar a vota\u00e7\u00e3o do Novo CPC em plen\u00e1rio.<\/p>\n","protected":false},"author":1,"featured_media":0,"comment_status":"closed","ping_status":"open","sticky":false,"template":"","format":"standard","meta":{"footnotes":""},"categories":[8],"tags":[],"featured_image_url":"https:\/\/dummyimage.com\/720x400","character_count":243,"formatted_date":"04\/12\/2014 - 17:34","contentNovo":"\r\n<p>Como a agenda da semana que vem do Senado ainda n\u00e3o foi divulgada, a vota\u00e7\u00e3o, que est\u00e1 prevista para quarta-feira (10), pode ocorrer em sess\u00e3o extraordin\u00e1ria ou na sess\u00e3o ordin\u00e1ria da Casa, que sempre inicia \u00e0s 14h.<\/p>\r\n<p>Dessa forma, o Sindicato recomenda que os Colegas PFNs se concentrem nas imedia\u00e7\u00f5es do plen\u00e1rio do Senado, a partir das 11h. A ideia \u00e9 fazer plant\u00e3o na Casa, atuando no corpo a corpo com os senadores e tamb\u00e9m marcando presen\u00e7a nas galerias do plen\u00e1rio.<\/p>","_links":{"self":[{"href":"https:\/\/sinprofaz.org.br\/2024\/wp-json\/wp\/v2\/posts\/2043"}],"collection":[{"href":"https:\/\/sinprofaz.org.br\/2024\/wp-json\/wp\/v2\/posts"}],"about":[{"href":"https:\/\/sinprofaz.org.br\/2024\/wp-json\/wp\/v2\/types\/post"}],"author":[{"embeddable":true,"href":"https:\/\/sinprofaz.org.br\/2024\/wp-json\/wp\/v2\/users\/1"}],"replies":[{"embeddable":true,"href":"https:\/\/sinprofaz.org.br\/2024\/wp-json\/wp\/v2\/comments?post=2043"}],"version-history":[{"count":0,"href":"https:\/\/sinprofaz.org.br\/2024\/wp-json\/wp\/v2\/posts\/2043\/revisions"}],"wp:attachment":[{"href":"https:\/\/sinprofaz.org.br\/2024\/wp-json\/wp\/v2\/media?parent=2043"}],"wp:term":[{"taxonomy":"category","embeddable":true,"href":"https:\/\/sinprofaz.org.br\/2024\/wp-json\/wp\/v2\/categories?post=2043"},{"taxonomy":"post_tag","embeddable":true,"href":"https:\/\/sinprofaz.org.br\/2024\/wp-json\/wp\/v2\/tags?post=2043"}],"curies":[{"name":"wp","href":"https:\/\/api.w.org\/{rel}","templated":true}]}}