{"id":2038,"date":"2014-12-03T11:05:49","date_gmt":"2014-12-03T11:05:49","guid":{"rendered":""},"modified":"-0001-11-30T00:00:00","modified_gmt":"-0001-11-30T03:00:00","slug":"honorarios-votacao-na-comissao-temporaria-do-senado-pode-ocorrer-na-quinta","status":"publish","type":"post","link":"https:\/\/sinprofaz.org.br\/2024\/noticias\/honorarios-votacao-na-comissao-temporaria-do-senado-pode-ocorrer-na-quinta\/","title":{"rendered":"Honor\u00e1rios: vota\u00e7\u00e3o na comiss\u00e3o tempor\u00e1ria do Senado pode ocorrer na quinta"},"content":{"rendered":"<p>A reuni\u00e3o da comiss\u00e3o tempor\u00e1ria do PLS 166\/2010, que institui o novo C\u00f3digo de Processo Civil, est\u00e1 marcada para as 9h30 de quinta-feira (4).<\/p>\n<p>Semana passada, ap\u00f3s a leitura do relat\u00f3rio, o presidente da comiss\u00e3o, senador Jos\u00e9 Pimentel (PT-CE) concedeu vistas coletivas ao texto, agendando a vota\u00e7\u00e3o para a pr\u00f3xima quinta.<\/p>\n<p>Caso o relat\u00f3rio seja aprovado, a Advocacia P\u00fablica Federal avan\u00e7ar\u00e1 mais um passo na previs\u00e3o dos honor\u00e1rios de sucumb\u00eancia \u00e0s Carreiras da AGU, conforme est\u00e1 disciplinado no Art. 85, \u00a7 19, do substitutivo da C\u00e2mara.<\/p>\n<p>O SINPROFAZ convida os Colegas PFNs a comparecerem ao Senado, na quinta-feira, para acompanhar a reuni\u00e3o da comiss\u00e3o.<\/p>\n","protected":false},"excerpt":{"rendered":"<p>Relat\u00f3rio do senador Vital do Rego (PMDB-PB) foi lido na semana passada, confirmando a manuten\u00e7\u00e3o do pagamento de honor\u00e1rios aos Advogados P\u00fablicos, nos moldes do substitutivo da C\u00e2mara.<\/p>\n","protected":false},"author":1,"featured_media":0,"comment_status":"closed","ping_status":"open","sticky":false,"template":"","format":"standard","meta":{"footnotes":""},"categories":[8],"tags":[],"featured_image_url":"https:\/\/dummyimage.com\/720x400","character_count":342,"formatted_date":"03\/12\/2014 - 11:05","contentNovo":"\r\n<p>A reuni\u00e3o da comiss\u00e3o tempor\u00e1ria do PLS 166\/2010, que institui o novo C\u00f3digo de Processo Civil, est\u00e1 marcada para as 9h30 de quinta-feira (4).<\/p>\r\n<p>Semana passada, ap\u00f3s a leitura do relat\u00f3rio, o presidente da comiss\u00e3o, senador Jos\u00e9 Pimentel (PT-CE) concedeu vistas coletivas ao texto, agendando a vota\u00e7\u00e3o para a pr\u00f3xima quinta.<\/p>\r\n<p>Caso o relat\u00f3rio seja aprovado, a Advocacia P\u00fablica Federal avan\u00e7ar\u00e1 mais um passo na previs\u00e3o dos honor\u00e1rios de sucumb\u00eancia \u00e0s Carreiras da AGU, conforme est\u00e1 disciplinado no Art. 85, \u00a7 19, do substitutivo da C\u00e2mara.<\/p>\r\n<p>O SINPROFAZ convida os Colegas PFNs a comparecerem ao Senado, na quinta-feira, para acompanhar a reuni\u00e3o da comiss\u00e3o.<\/p>","_links":{"self":[{"href":"https:\/\/sinprofaz.org.br\/2024\/wp-json\/wp\/v2\/posts\/2038"}],"collection":[{"href":"https:\/\/sinprofaz.org.br\/2024\/wp-json\/wp\/v2\/posts"}],"about":[{"href":"https:\/\/sinprofaz.org.br\/2024\/wp-json\/wp\/v2\/types\/post"}],"author":[{"embeddable":true,"href":"https:\/\/sinprofaz.org.br\/2024\/wp-json\/wp\/v2\/users\/1"}],"replies":[{"embeddable":true,"href":"https:\/\/sinprofaz.org.br\/2024\/wp-json\/wp\/v2\/comments?post=2038"}],"version-history":[{"count":0,"href":"https:\/\/sinprofaz.org.br\/2024\/wp-json\/wp\/v2\/posts\/2038\/revisions"}],"wp:attachment":[{"href":"https:\/\/sinprofaz.org.br\/2024\/wp-json\/wp\/v2\/media?parent=2038"}],"wp:term":[{"taxonomy":"category","embeddable":true,"href":"https:\/\/sinprofaz.org.br\/2024\/wp-json\/wp\/v2\/categories?post=2038"},{"taxonomy":"post_tag","embeddable":true,"href":"https:\/\/sinprofaz.org.br\/2024\/wp-json\/wp\/v2\/tags?post=2038"}],"curies":[{"name":"wp","href":"https:\/\/api.w.org\/{rel}","templated":true}]}}