{"id":2035,"date":"2014-12-02T19:06:39","date_gmt":"2014-12-02T19:06:39","guid":{"rendered":""},"modified":"-0001-11-30T00:00:00","modified_gmt":"-0001-11-30T03:00:00","slug":"entidades-organizam-paralisacao-nacional-da-advocacia-publica-federal","status":"publish","type":"post","link":"https:\/\/sinprofaz.org.br\/2024\/noticias\/entidades-organizam-paralisacao-nacional-da-advocacia-publica-federal\/","title":{"rendered":"ENTIDADES ORGANIZAM PARALISA\u00c7\u00c3O NACIONAL DA ADVOCACIA P\u00daBLICA FEDERAL"},"content":{"rendered":"<p><img loading=\"lazy\" decoding=\"async\" style=\"margin-right: 10px; float: left;\" alt=\"\" src=\"images\/noticias\/entidades-organizam-paralisacao-nacional-da-advocacia-publica-federal\/01.jpg\" height=\"157\" width=\"218\" \/><\/p>\n<p>As entidades representativas da Advocacia P\u00fablica Federal est\u00e3o organizando uma Paralisa\u00e7\u00e3o Nacional, que ocorrer\u00e1 nos dias 09 e 10 de dezembro, com a participa\u00e7\u00e3o dos Advogados da Uni\u00e3o, Procuradores da Fazenda Nacional, Procuradores Federais e Procuradores do Banco Central do Brasil.<\/p>\n<p>O objetivo da Paralisa\u00e7\u00e3o Nacional \u00e9 apresentar as dificuldades enfrentadas pelos membros da Advocacia P\u00fablica Federal, que sofrem com enormes car\u00eancias estruturais e defasagem remunerat\u00f3ria.<\/p>\n<p>Em Bras\u00edlia\/DF, ser\u00e1 realizado um Grande Ato P\u00fablico na C\u00e2mara dos Deputados, \u00e0s 15h do dia 09 de dezembro.<\/p>\n<p>As entidades conclamam os colegas a tamb\u00e9m se mobilizarem nos respectivos Estados, em 09 e 10 de dezembro, a fim de fortalecerem esse importante movimento!<\/p>\n","protected":false},"excerpt":{"rendered":"<p>Pr\u00f3xima convoca\u00e7\u00e3o da Carreira: concentra\u00e7\u00e3o de Advogados P\u00fablicos Federais na C\u00e2mara Federal nos dias 09 e 10 de dezembro, sempre \u00e0s 15h.<\/p>\n","protected":false},"author":1,"featured_media":0,"comment_status":"closed","ping_status":"open","sticky":false,"template":"","format":"standard","meta":{"footnotes":""},"categories":[8],"tags":[],"featured_image_url":"https:\/\/dummyimage.com\/720x400","character_count":382,"formatted_date":"02\/12\/2014 - 19:06","contentNovo":"\r\n<p><\/p>\r\n<p>As entidades representativas da Advocacia P\u00fablica Federal est\u00e3o organizando uma Paralisa\u00e7\u00e3o Nacional, que ocorrer\u00e1 nos dias 09 e 10 de dezembro, com a participa\u00e7\u00e3o dos Advogados da Uni\u00e3o, Procuradores da Fazenda Nacional, Procuradores Federais e Procuradores do Banco Central do Brasil.<\/p>\r\n<p>O objetivo da Paralisa\u00e7\u00e3o Nacional \u00e9 apresentar as dificuldades enfrentadas pelos membros da Advocacia P\u00fablica Federal, que sofrem com enormes car\u00eancias estruturais e defasagem remunerat\u00f3ria.<\/p>\r\n<p>Em Bras\u00edlia\/DF, ser\u00e1 realizado um Grande Ato P\u00fablico na C\u00e2mara dos Deputados, \u00e0s 15h do dia 09 de dezembro.<\/p>\r\n<p>As entidades conclamam os colegas a tamb\u00e9m se mobilizarem nos respectivos Estados, em 09 e 10 de dezembro, a fim de fortalecerem esse importante movimento!<\/p>","_links":{"self":[{"href":"https:\/\/sinprofaz.org.br\/2024\/wp-json\/wp\/v2\/posts\/2035"}],"collection":[{"href":"https:\/\/sinprofaz.org.br\/2024\/wp-json\/wp\/v2\/posts"}],"about":[{"href":"https:\/\/sinprofaz.org.br\/2024\/wp-json\/wp\/v2\/types\/post"}],"author":[{"embeddable":true,"href":"https:\/\/sinprofaz.org.br\/2024\/wp-json\/wp\/v2\/users\/1"}],"replies":[{"embeddable":true,"href":"https:\/\/sinprofaz.org.br\/2024\/wp-json\/wp\/v2\/comments?post=2035"}],"version-history":[{"count":0,"href":"https:\/\/sinprofaz.org.br\/2024\/wp-json\/wp\/v2\/posts\/2035\/revisions"}],"wp:attachment":[{"href":"https:\/\/sinprofaz.org.br\/2024\/wp-json\/wp\/v2\/media?parent=2035"}],"wp:term":[{"taxonomy":"category","embeddable":true,"href":"https:\/\/sinprofaz.org.br\/2024\/wp-json\/wp\/v2\/categories?post=2035"},{"taxonomy":"post_tag","embeddable":true,"href":"https:\/\/sinprofaz.org.br\/2024\/wp-json\/wp\/v2\/tags?post=2035"}],"curies":[{"name":"wp","href":"https:\/\/api.w.org\/{rel}","templated":true}]}}