{"id":2034,"date":"2014-12-02T17:46:35","date_gmt":"2014-12-02T17:46:35","guid":{"rendered":""},"modified":"-0001-11-30T00:00:00","modified_gmt":"-0001-11-30T03:00:00","slug":"autonomia-conselho-federal-da-oab-reitera-apoio-a-pec-82-2007","status":"publish","type":"post","link":"https:\/\/sinprofaz.org.br\/2024\/noticias\/autonomia-conselho-federal-da-oab-reitera-apoio-a-pec-82-2007\/","title":{"rendered":"Autonomia: Conselho Federal da OAB reitera apoio \u00e0 PEC 82\/2007"},"content":{"rendered":"<p>A audi\u00eancia com as lideran\u00e7as sindicais e associativas da Advocacia P\u00fablica ocorreu na tarde desta ter\u00e7a-feira, 02\/12, no Conselho Federal da OAB, em Bras\u00edlia.<\/p>\n<p>Na oportunidade, al\u00e9m de ratificar o compromisso da OAB com a proposta que confere autonomia e prerrogativas \u00e0 Advocacia P\u00fablica, Marcus Vin\u00edcius disse que vai pedir ao presidente da C\u00e2mara para pautar a PEC 82\/2007 esta semana.<\/p>\n<p><strong>SINPROFAZ em a\u00e7\u00e3o<\/strong><\/p>\n<p>Na v\u00e9spera de um dia importante na C\u00e2mara, o SINPROFAZ, atrav\u00e9s de uma das maiores lideran\u00e7as da Carreira de PFN, a Colega Dionne Araujo Felipe, refor\u00e7ou o apoio da OAB \u00e0 PEC 82\/2007 com o presidente Marcus Vinicius Furtado Co\u00ealho.<\/p>\n<p style=\"text-align: center;\"><img loading=\"lazy\" decoding=\"async\" style=\"margin-right: 5px;\" alt=\"\" src=\"images\/noticias\/autonomia-conselho-federal-da-oab-reitera-apoio-a-pec-82-2007\/foto-com-presidente-da-oab.jpg\" height=\"100\" width=\"139\" \/><img loading=\"lazy\" decoding=\"async\" style=\"margin-right: 5px;\" alt=\"dione-e-marcus-vin\u00edcius\" src=\"images\/noticias\/autonomia-conselho-federal-da-oab-reitera-apoio-a-pec-82-2007\/dione-e-marcus-vin\u00edcius.jpg\" height=\"100\" width=\"139\" \/><\/p>\n","protected":false},"excerpt":{"rendered":"<p>Em reuni\u00e3o com dirigentes do Movimento Nacional pela Advocacia P\u00fablica, o presidente do CFOAB, Marcus Vinicius Furtado Co\u00ealho, refor\u00e7ou apoio \u00e0 PEC da Probidade.<\/p>\n","protected":false},"author":1,"featured_media":0,"comment_status":"closed","ping_status":"open","sticky":false,"template":"","format":"standard","meta":{"footnotes":""},"categories":[8],"tags":[],"featured_image_url":"https:\/\/dummyimage.com\/720x400","character_count":330,"formatted_date":"02\/12\/2014 - 17:46","contentNovo":"\r\n<p>A audi\u00eancia com as lideran\u00e7as sindicais e associativas da Advocacia P\u00fablica ocorreu na tarde desta ter\u00e7a-feira, 02\/12, no Conselho Federal da OAB, em Bras\u00edlia.<\/p>\r\n<p>Na oportunidade, al\u00e9m de ratificar o compromisso da OAB com a proposta que confere autonomia e prerrogativas \u00e0 Advocacia P\u00fablica, Marcus Vin\u00edcius disse que vai pedir ao presidente da C\u00e2mara para pautar a PEC 82\/2007 esta semana.<\/p>\r\n<p><strong>SINPROFAZ em a\u00e7\u00e3o<\/strong><\/p>\r\n<p>Na v\u00e9spera de um dia importante na C\u00e2mara, o SINPROFAZ, atrav\u00e9s de uma das maiores lideran\u00e7as da Carreira de PFN, a Colega Dionne Araujo Felipe, refor\u00e7ou o apoio da OAB \u00e0 PEC 82\/2007 com o presidente Marcus Vinicius Furtado Co\u00ealho.<\/p>\r\n<p style=\"text-align: center;\"><\/p>","_links":{"self":[{"href":"https:\/\/sinprofaz.org.br\/2024\/wp-json\/wp\/v2\/posts\/2034"}],"collection":[{"href":"https:\/\/sinprofaz.org.br\/2024\/wp-json\/wp\/v2\/posts"}],"about":[{"href":"https:\/\/sinprofaz.org.br\/2024\/wp-json\/wp\/v2\/types\/post"}],"author":[{"embeddable":true,"href":"https:\/\/sinprofaz.org.br\/2024\/wp-json\/wp\/v2\/users\/1"}],"replies":[{"embeddable":true,"href":"https:\/\/sinprofaz.org.br\/2024\/wp-json\/wp\/v2\/comments?post=2034"}],"version-history":[{"count":0,"href":"https:\/\/sinprofaz.org.br\/2024\/wp-json\/wp\/v2\/posts\/2034\/revisions"}],"wp:attachment":[{"href":"https:\/\/sinprofaz.org.br\/2024\/wp-json\/wp\/v2\/media?parent=2034"}],"wp:term":[{"taxonomy":"category","embeddable":true,"href":"https:\/\/sinprofaz.org.br\/2024\/wp-json\/wp\/v2\/categories?post=2034"},{"taxonomy":"post_tag","embeddable":true,"href":"https:\/\/sinprofaz.org.br\/2024\/wp-json\/wp\/v2\/tags?post=2034"}],"curies":[{"name":"wp","href":"https:\/\/api.w.org\/{rel}","templated":true}]}}