{"id":2023,"date":"2014-11-27T13:34:18","date_gmt":"2014-11-27T13:34:18","guid":{"rendered":""},"modified":"-0001-11-30T00:00:00","modified_gmt":"-0001-11-30T03:00:00","slug":"honorarios-votacao-do-relatorio-foi-marcada-para-a-proxima-semana","status":"publish","type":"post","link":"https:\/\/sinprofaz.org.br\/2024\/noticias\/honorarios-votacao-do-relatorio-foi-marcada-para-a-proxima-semana\/","title":{"rendered":"Honor\u00e1rios: vota\u00e7\u00e3o do relat\u00f3rio foi marcada para a pr\u00f3xima semana"},"content":{"rendered":"<p><span style=\"line-height: 20.4799995422363px;\"><img loading=\"lazy\" decoding=\"async\" style=\"margin-right: 10px; float: left;\" alt=\"\" src=\"images\/noticias\/honorarios\/03.jpg\" height=\"157\" width=\"218\" \/>Acaba de ser lido, na Comiss\u00e3o Tempor\u00e1ria de Reforma do C\u00f3digo de Processo Civil, o relat\u00f3rio do senador Vital do Rego (PMDB-PB). Texto confirma os honor\u00e1rios de sucumbencia para os Advogados P\u00fablicos.<\/span><\/p>\n<p>Ap\u00f3s a leitura do relat\u00f3rio, o presidente da Comiss\u00e3o Tempor\u00e1ria, senador Jos\u00e9 Pimentel (PT\/CE), concedeu vistas coletivas ao texto.<\/p>\n<p>Dessa forma, a mat\u00e9ria retornar\u00e1 \u00e0 pauta da Comiss\u00e3o na pr\u00f3xima quinta-feira (4), \u00e0s 9h30, quando dever\u00e1 ser votado o relat\u00f3rio.<\/p>\n","protected":false},"excerpt":{"rendered":"<p>Acaba de ser lido, na Comiss\u00e3o Tempor\u00e1ria de Reforma do C\u00f3digo de Processo Civil, o relat\u00f3rio do senador Vital do Rego (PMDB-PB). Texto confirma os honor\u00e1rios de sucumbencia para os Advogados P\u00fablicos.<\/p>\n","protected":false},"author":1,"featured_media":0,"comment_status":"closed","ping_status":"open","sticky":false,"template":"","format":"standard","meta":{"footnotes":""},"categories":[8],"tags":[],"featured_image_url":"https:\/\/dummyimage.com\/720x400","character_count":242,"formatted_date":"27\/11\/2014 - 13:34","contentNovo":"\r\n<p>Acaba de ser lido, na Comiss\u00e3o Tempor\u00e1ria de Reforma do C\u00f3digo de Processo Civil, o relat\u00f3rio do senador Vital do Rego (PMDB-PB). Texto confirma os honor\u00e1rios de sucumbencia para os Advogados P\u00fablicos.<\/p>\r\n<p>Ap\u00f3s a leitura do relat\u00f3rio, o presidente da Comiss\u00e3o Tempor\u00e1ria, senador Jos\u00e9 Pimentel (PT\/CE), concedeu vistas coletivas ao texto.<\/p>\r\n<p>Dessa forma, a mat\u00e9ria retornar\u00e1 \u00e0 pauta da Comiss\u00e3o na pr\u00f3xima quinta-feira (4), \u00e0s 9h30, quando dever\u00e1 ser votado o relat\u00f3rio.<\/p>","_links":{"self":[{"href":"https:\/\/sinprofaz.org.br\/2024\/wp-json\/wp\/v2\/posts\/2023"}],"collection":[{"href":"https:\/\/sinprofaz.org.br\/2024\/wp-json\/wp\/v2\/posts"}],"about":[{"href":"https:\/\/sinprofaz.org.br\/2024\/wp-json\/wp\/v2\/types\/post"}],"author":[{"embeddable":true,"href":"https:\/\/sinprofaz.org.br\/2024\/wp-json\/wp\/v2\/users\/1"}],"replies":[{"embeddable":true,"href":"https:\/\/sinprofaz.org.br\/2024\/wp-json\/wp\/v2\/comments?post=2023"}],"version-history":[{"count":0,"href":"https:\/\/sinprofaz.org.br\/2024\/wp-json\/wp\/v2\/posts\/2023\/revisions"}],"wp:attachment":[{"href":"https:\/\/sinprofaz.org.br\/2024\/wp-json\/wp\/v2\/media?parent=2023"}],"wp:term":[{"taxonomy":"category","embeddable":true,"href":"https:\/\/sinprofaz.org.br\/2024\/wp-json\/wp\/v2\/categories?post=2023"},{"taxonomy":"post_tag","embeddable":true,"href":"https:\/\/sinprofaz.org.br\/2024\/wp-json\/wp\/v2\/tags?post=2023"}],"curies":[{"name":"wp","href":"https:\/\/api.w.org\/{rel}","templated":true}]}}