{"id":2022,"date":"2014-11-27T13:02:54","date_gmt":"2014-11-27T13:02:54","guid":{"rendered":""},"modified":"-0001-11-30T00:00:00","modified_gmt":"-0001-11-30T03:00:00","slug":"honorarios-estao-mantidos-no-relatorio-do-novo-cpc","status":"publish","type":"post","link":"https:\/\/sinprofaz.org.br\/2024\/noticias\/honorarios-estao-mantidos-no-relatorio-do-novo-cpc\/","title":{"rendered":"Honor\u00e1rios est\u00e3o mantidos no relat\u00f3rio do novo CPC"},"content":{"rendered":"<p><span style=\"line-height: 20.4799995422363px;\"><img loading=\"lazy\" decoding=\"async\" src=\"images\/noticias\/honorarios\/02.jpg\" width=\"218\" height=\"157\" style=\"margin-right: 10px; float: left;\" \/>Relat\u00f3rio do senador Vital do Rego (PMDB-PB) foi divulgado nesta quarta-feira, 26\/11, com manuten\u00e7\u00e3o dos honor\u00e1rios de sucumb\u00eancia para os Advogados P\u00fablicos.<\/span><\/p>\n<p>Na manh\u00e3 de hoje (27), a comiss\u00e3o tempor\u00e1ria do CPC no Senado que analisa o substitutivo da C\u00e2mara dos Deputados ao Projeto de Lei do Senado 166\/2010, que reformula do C\u00f3digo de Processo Civil, est\u00e1 reunida para leitura do relat\u00f3rio de Vital do Rego.<\/p>\n<p>O SINPROFAZ agradece ao senador Vital do Rego (PMDB-PB), pela lideran\u00e7a serena, que manteve em seu relat\u00f3rio os honor\u00e1rios de sucumbencia para os Advogados P\u00fablicos, nos termos aprovados na C\u00e2mara (Art. 85, \u00a7 19).<\/p>\n<p>Leia <a href=\"\/pdfs\/anexo_k-comissao-esp-comissao-ctcpc-20141127ORD003-parte-3819-pauta-1417036568812.pdf\" target=\"_blank\" class=\"jcepopup\">aqui<\/a> a \u00edntegra do relat\u00f3rio.<\/p>\n","protected":false},"excerpt":{"rendered":"<p>Relat\u00f3rio do senador Vital do Rego (PMDB-PB) foi divulgado nesta quarta-feira, 26\/11, com manuten\u00e7\u00e3o dos honor\u00e1rios de sucumb\u00eancia para os Advogados P\u00fablicos.<\/p>\n","protected":false},"author":1,"featured_media":0,"comment_status":"closed","ping_status":"open","sticky":false,"template":"","format":"standard","meta":{"footnotes":""},"categories":[8],"tags":[],"featured_image_url":"https:\/\/dummyimage.com\/720x400","character_count":340,"formatted_date":"27\/11\/2014 - 13:02","contentNovo":"\r\n<p>Relat\u00f3rio do senador Vital do Rego (PMDB-PB) foi divulgado nesta quarta-feira, 26\/11, com manuten\u00e7\u00e3o dos honor\u00e1rios de sucumb\u00eancia para os Advogados P\u00fablicos.<\/p>\r\n<p>Na manh\u00e3 de hoje (27), a comiss\u00e3o tempor\u00e1ria do CPC no Senado que analisa o substitutivo da C\u00e2mara dos Deputados ao Projeto de Lei do Senado 166\/2010, que reformula do C\u00f3digo de Processo Civil, est\u00e1 reunida para leitura do relat\u00f3rio de Vital do Rego.<\/p>\r\n<p>O SINPROFAZ agradece ao senador Vital do Rego (PMDB-PB), pela lideran\u00e7a serena, que manteve em seu relat\u00f3rio os honor\u00e1rios de sucumbencia para os Advogados P\u00fablicos, nos termos aprovados na C\u00e2mara (Art. 85, \u00a7 19).<\/p>\r\n<p>Leia <a href=\"\/pdfs\/anexo_k-comissao-esp-comissao-ctcpc-20141127ORD003-parte-3819-pauta-1417036568812.pdf\" target=\"_blank\" class=\"jcepopup\">aqui<\/a> a \u00edntegra do relat\u00f3rio.<\/p>","_links":{"self":[{"href":"https:\/\/sinprofaz.org.br\/2024\/wp-json\/wp\/v2\/posts\/2022"}],"collection":[{"href":"https:\/\/sinprofaz.org.br\/2024\/wp-json\/wp\/v2\/posts"}],"about":[{"href":"https:\/\/sinprofaz.org.br\/2024\/wp-json\/wp\/v2\/types\/post"}],"author":[{"embeddable":true,"href":"https:\/\/sinprofaz.org.br\/2024\/wp-json\/wp\/v2\/users\/1"}],"replies":[{"embeddable":true,"href":"https:\/\/sinprofaz.org.br\/2024\/wp-json\/wp\/v2\/comments?post=2022"}],"version-history":[{"count":0,"href":"https:\/\/sinprofaz.org.br\/2024\/wp-json\/wp\/v2\/posts\/2022\/revisions"}],"wp:attachment":[{"href":"https:\/\/sinprofaz.org.br\/2024\/wp-json\/wp\/v2\/media?parent=2022"}],"wp:term":[{"taxonomy":"category","embeddable":true,"href":"https:\/\/sinprofaz.org.br\/2024\/wp-json\/wp\/v2\/categories?post=2022"},{"taxonomy":"post_tag","embeddable":true,"href":"https:\/\/sinprofaz.org.br\/2024\/wp-json\/wp\/v2\/tags?post=2022"}],"curies":[{"name":"wp","href":"https:\/\/api.w.org\/{rel}","templated":true}]}}