{"id":2019,"date":"2014-11-25T23:44:23","date_gmt":"2014-11-25T23:44:23","guid":{"rendered":""},"modified":"-0001-11-30T00:00:00","modified_gmt":"-0001-11-30T03:00:00","slug":"deputado-paulo-pimenta-e-favoravel-a-pec-82-2007","status":"publish","type":"post","link":"https:\/\/sinprofaz.org.br\/2024\/noticias\/deputado-paulo-pimenta-e-favoravel-a-pec-82-2007\/","title":{"rendered":"Deputado Paulo Pimenta \u00e9 favor\u00e1vel \u00e0 PEC 82\/2007"},"content":{"rendered":"<p><img loading=\"lazy\" decoding=\"async\" style=\"margin-right: 10px; margin-bottom: 5px; float: left;\" alt=\"deputado-paulo-pimenta-e-favoravel-a-pec82-2007\" src=\"images\/noticias\/deputado-paulo-pimenta-e-favoravel-a-pec82-2007.jpg\" height=\"169\" width=\"200\" \/>O SINPROFAZ, representado pela Delegada no Rio Grande do Sul, Iolanda Guindani, confirmou mais um apoio \u00e0 PEC da Probidade.<\/p>\n<p>O engajamento dos PFNs na C\u00e2mara Federal e nas bases parlamentares tem produzido resultados importantes na luta pela autonomia \u00e0 Advocacia P\u00fablica, com vistas ao fortalecimento da gest\u00e3o p\u00fablica.<\/p>\n<p>O deputado Paulo Pimenta (PT-RS) declarou apoio \u00e0 PEC 82\/2007 e atuar\u00e1 para o amadurecimento da mat\u00e9ria dentro da bancada do PT e junto \u00e0 base aliada.<\/p>\n","protected":false},"excerpt":{"rendered":"<p>O SINPROFAZ, representado pela Delegada no Rio Grande do Sul, Iolanda Guindani, confirmou mais um apoio \u00e0 PEC da Probidade.<\/p>\n","protected":false},"author":1,"featured_media":0,"comment_status":"closed","ping_status":"open","sticky":false,"template":"","format":"standard","meta":{"footnotes":""},"categories":[8],"tags":[],"featured_image_url":"https:\/\/dummyimage.com\/720x400","character_count":241,"formatted_date":"25\/11\/2014 - 23:44","contentNovo":"\r\n<p>O SINPROFAZ, representado pela Delegada no Rio Grande do Sul, Iolanda Guindani, confirmou mais um apoio \u00e0 PEC da Probidade.<\/p>\r\n<p>O engajamento dos PFNs na C\u00e2mara Federal e nas bases parlamentares tem produzido resultados importantes na luta pela autonomia \u00e0 Advocacia P\u00fablica, com vistas ao fortalecimento da gest\u00e3o p\u00fablica.<\/p>\r\n<p>O deputado Paulo Pimenta (PT-RS) declarou apoio \u00e0 PEC 82\/2007 e atuar\u00e1 para o amadurecimento da mat\u00e9ria dentro da bancada do PT e junto \u00e0 base aliada.<\/p>","_links":{"self":[{"href":"https:\/\/sinprofaz.org.br\/2024\/wp-json\/wp\/v2\/posts\/2019"}],"collection":[{"href":"https:\/\/sinprofaz.org.br\/2024\/wp-json\/wp\/v2\/posts"}],"about":[{"href":"https:\/\/sinprofaz.org.br\/2024\/wp-json\/wp\/v2\/types\/post"}],"author":[{"embeddable":true,"href":"https:\/\/sinprofaz.org.br\/2024\/wp-json\/wp\/v2\/users\/1"}],"replies":[{"embeddable":true,"href":"https:\/\/sinprofaz.org.br\/2024\/wp-json\/wp\/v2\/comments?post=2019"}],"version-history":[{"count":0,"href":"https:\/\/sinprofaz.org.br\/2024\/wp-json\/wp\/v2\/posts\/2019\/revisions"}],"wp:attachment":[{"href":"https:\/\/sinprofaz.org.br\/2024\/wp-json\/wp\/v2\/media?parent=2019"}],"wp:term":[{"taxonomy":"category","embeddable":true,"href":"https:\/\/sinprofaz.org.br\/2024\/wp-json\/wp\/v2\/categories?post=2019"},{"taxonomy":"post_tag","embeddable":true,"href":"https:\/\/sinprofaz.org.br\/2024\/wp-json\/wp\/v2\/tags?post=2019"}],"curies":[{"name":"wp","href":"https:\/\/api.w.org\/{rel}","templated":true}]}}