{"id":20164,"date":"2025-09-23T19:05:58","date_gmt":"2025-09-23T22:05:58","guid":{"rendered":"https:\/\/sinprofaz.org.br\/2024\/?p=20164"},"modified":"2025-09-23T20:01:43","modified_gmt":"2025-09-23T23:01:43","slug":"nota-de-solidariedade","status":"publish","type":"post","link":"https:\/\/sinprofaz.org.br\/2024\/noticias\/nota-de-solidariedade\/","title":{"rendered":"Nota de Solidariedade"},"content":{"rendered":"<p>O Sindicato dos Procuradores da Fazenda Nacional (Sinprofaz) manifesta sua irrestrita solidariedade aos procuradores Jorge Messias, atual Advogado-Geral da Uni\u00e3o, e Jos\u00e9 Levi, ex-Advogado-Geral da Uni\u00e3o, bem como \u00e0s demais autoridades do pa\u00eds e a seus familiares que, de forma injusta, s\u00e3o v\u00edtimas de san\u00e7\u00f5es impostas pelo governo dos Estados Unidos, por meio de medidas unilaterais determinadas por um hist\u00f3rico aliado estrangeiro.<\/p>\n<p>O Sinprofaz repudia veementemente tais atos, que n\u00e3o apenas se assentam em desinforma\u00e7\u00e3o, como tamb\u00e9m configuram grave ataque \u00e0 soberania nacional. Ao alcan\u00e7ar representantes da Advocacia P\u00fablica, as san\u00e7\u00f5es afrontam diretamente a livre e leg\u00edtima atua\u00e7\u00e3o dos agentes p\u00fablicos brasileiros, que exercem suas fun\u00e7\u00f5es em estrito cumprimento de seus deveres legais.<\/p>\n<p>A entidade reafirma que permanece vigilante e atuante na defesa da categoria e na prote\u00e7\u00e3o do Estado Democr\u00e1tico de Direito, reiterando sua confian\u00e7a no trabalho e na integridade de seus filiados.<\/p>\n<p>Bras\u00edlia, 23 de setembro de 2025<\/p>\n<p>Sindicato dos Procuradores da Fazenda Nacional (Sinprofaz)<\/p>\n","protected":false},"excerpt":{"rendered":"<p>Sinprofaz manifesta solidariedade aos advogados-gerais da Uni\u00e3o Jorge Messias e Jos\u00e9 Levi, v\u00edtimas de san\u00e7\u00f5es unilaterais impostas pelos EUA. O sindicato repudia a medida. Leia a nota na \u00edntegra.<\/p>\n","protected":false},"author":2,"featured_media":20171,"comment_status":"open","ping_status":"open","sticky":false,"template":"","format":"standard","meta":{"footnotes":""},"categories":[8],"tags":[34,267,43,265,25,135,266],"featured_image_url":"https:\/\/sinprofaz.org.br\/2024\/wp-content\/uploads\/2025\/09\/WhatsApp-Image-2025-09-23-at-19.59.36.jpeg","character_count":557,"formatted_date":"23\/09\/2025 - 19:05","contentNovo":"O Sindicato dos Procuradores da Fazenda Nacional (Sinprofaz) manifesta sua irrestrita solidariedade aos procuradores Jorge Messias, atual Advogado-Geral da Uni\u00e3o, e Jos\u00e9 Levi, ex-Advogado-Geral da Uni\u00e3o, bem como \u00e0s demais autoridades do pa\u00eds e a seus familiares que, de forma injusta, s\u00e3o v\u00edtimas de san\u00e7\u00f5es impostas pelo governo dos Estados Unidos, por meio de medidas unilaterais determinadas por um hist\u00f3rico aliado estrangeiro.\r\n\r\nO Sinprofaz repudia veementemente tais atos, que n\u00e3o apenas se assentam em desinforma\u00e7\u00e3o, como tamb\u00e9m configuram grave ataque \u00e0 soberania nacional. Ao alcan\u00e7ar representantes da Advocacia P\u00fablica, as san\u00e7\u00f5es afrontam diretamente a livre e leg\u00edtima atua\u00e7\u00e3o dos agentes p\u00fablicos brasileiros, que exercem suas fun\u00e7\u00f5es em estrito cumprimento de seus deveres legais.\r\n\r\nA entidade reafirma que permanece vigilante e atuante na defesa da categoria e na prote\u00e7\u00e3o do Estado Democr\u00e1tico de Direito, reiterando sua confian\u00e7a no trabalho e na integridade de seus filiados.\r\n\r\nBras\u00edlia, 23 de setembro de 2025\r\n\r\nSindicato dos Procuradores da Fazenda Nacional (Sinprofaz)","_links":{"self":[{"href":"https:\/\/sinprofaz.org.br\/2024\/wp-json\/wp\/v2\/posts\/20164"}],"collection":[{"href":"https:\/\/sinprofaz.org.br\/2024\/wp-json\/wp\/v2\/posts"}],"about":[{"href":"https:\/\/sinprofaz.org.br\/2024\/wp-json\/wp\/v2\/types\/post"}],"author":[{"embeddable":true,"href":"https:\/\/sinprofaz.org.br\/2024\/wp-json\/wp\/v2\/users\/2"}],"replies":[{"embeddable":true,"href":"https:\/\/sinprofaz.org.br\/2024\/wp-json\/wp\/v2\/comments?post=20164"}],"version-history":[{"count":5,"href":"https:\/\/sinprofaz.org.br\/2024\/wp-json\/wp\/v2\/posts\/20164\/revisions"}],"predecessor-version":[{"id":20170,"href":"https:\/\/sinprofaz.org.br\/2024\/wp-json\/wp\/v2\/posts\/20164\/revisions\/20170"}],"wp:featuredmedia":[{"embeddable":true,"href":"https:\/\/sinprofaz.org.br\/2024\/wp-json\/wp\/v2\/media\/20171"}],"wp:attachment":[{"href":"https:\/\/sinprofaz.org.br\/2024\/wp-json\/wp\/v2\/media?parent=20164"}],"wp:term":[{"taxonomy":"category","embeddable":true,"href":"https:\/\/sinprofaz.org.br\/2024\/wp-json\/wp\/v2\/categories?post=20164"},{"taxonomy":"post_tag","embeddable":true,"href":"https:\/\/sinprofaz.org.br\/2024\/wp-json\/wp\/v2\/tags?post=20164"}],"curies":[{"name":"wp","href":"https:\/\/api.w.org\/{rel}","templated":true}]}}