{"id":2011,"date":"2014-11-21T14:09:30","date_gmt":"2014-11-21T14:09:30","guid":{"rendered":""},"modified":"-0001-11-30T00:00:00","modified_gmt":"-0001-11-30T03:00:00","slug":"mobilizacao-total-pela-pec-82-2007","status":"publish","type":"post","link":"https:\/\/sinprofaz.org.br\/2024\/noticias\/mobilizacao-total-pela-pec-82-2007\/","title":{"rendered":"Mobiliza\u00e7\u00e3o Total pela PEC 82\/2007"},"content":{"rendered":"<p>O Movimento Nacional pela Advocacia P\u00fablica convoca, desde j\u00e1, todos os Advogados P\u00fablicos do Brasil a se <strong>mobilizarem<\/strong> ativamente na sensibiliza\u00e7\u00e3o dos Deputados Federais em suas respectivas bases regionais <strong>pela aprova\u00e7\u00e3o da PEC 82\/2007<\/strong>, na forma do substitutivo do Deputado Lelo Coimbra, convencendo-os a comparecerem maci\u00e7amente ao Plen\u00e1rio da C\u00e2mara dos Deputados na pr\u00f3xima semana.<\/p>\n<p>Convocam-se ainda todos os advogados p\u00fablicos, especialmente aqueles lotados em Bras\u00edlia, a comparecerem ao longo dos dias 25 e 26 de novembro aos corredores da C\u00e2mara dos Deputados e, no momento apropriado, \u00e0s galerias do Plen\u00e1rio Ulysses Guimar\u00e3es para acompanhar a prov\u00e1vel vota\u00e7\u00e3o da autonomia da Advocacia P\u00fablica, a \u00fanica Fun\u00e7\u00e3o Essencial \u00e0 Justi\u00e7a ainda carente desta garantia.<\/p>\n<p>\u00c9 chegada a hora de zelarmos por nossa condi\u00e7\u00e3o de Advogados P\u00fablicos e lutarmos, como nunca, pela autonomia de nossas institui\u00e7\u00f5es. Converse com seu deputado. Utilize-se das redes sociais.<\/p>\n<p>&nbsp;<\/p>\n<div style=\"text-align: center;\">\n<p><strong>PEC 82\/2007 \u2013 A PEC DA PROBIDADE E DO FORTALECIMENTO DA GEST\u00c3O P\u00daBLICA<\/strong><br \/>Autonomia para defender o que \u00e9 do povo brasileiro<\/p>\n<\/div>\n","protected":false},"excerpt":{"rendered":"<p>Procurador da Fazenda Nacional, aten\u00e7\u00e3o \u00e0 convoca\u00e7\u00e3o do Movimento Nacional pela Advocacia P\u00fablica.<\/p>\n","protected":false},"author":1,"featured_media":0,"comment_status":"closed","ping_status":"open","sticky":false,"template":"","format":"standard","meta":{"footnotes":""},"categories":[8],"tags":[],"featured_image_url":"https:\/\/dummyimage.com\/720x400","character_count":564,"formatted_date":"21\/11\/2014 - 14:09","contentNovo":"\r\n<p>O Movimento Nacional pela Advocacia P\u00fablica convoca, desde j\u00e1, todos os Advogados P\u00fablicos do Brasil a se <strong>mobilizarem<\/strong> ativamente na sensibiliza\u00e7\u00e3o dos Deputados Federais em suas respectivas bases regionais <strong>pela aprova\u00e7\u00e3o da PEC 82\/2007<\/strong>, na forma do substitutivo do Deputado Lelo Coimbra, convencendo-os a comparecerem maci\u00e7amente ao Plen\u00e1rio da C\u00e2mara dos Deputados na pr\u00f3xima semana.<\/p>\r\n<p>Convocam-se ainda todos os advogados p\u00fablicos, especialmente aqueles lotados em Bras\u00edlia, a comparecerem ao longo dos dias 25 e 26 de novembro aos corredores da C\u00e2mara dos Deputados e, no momento apropriado, \u00e0s galerias do Plen\u00e1rio Ulysses Guimar\u00e3es para acompanhar a prov\u00e1vel vota\u00e7\u00e3o da autonomia da Advocacia P\u00fablica, a \u00fanica Fun\u00e7\u00e3o Essencial \u00e0 Justi\u00e7a ainda carente desta garantia.<\/p>\r\n<p>\u00c9 chegada a hora de zelarmos por nossa condi\u00e7\u00e3o de Advogados P\u00fablicos e lutarmos, como nunca, pela autonomia de nossas institui\u00e7\u00f5es. Converse com seu deputado. Utilize-se das redes sociais.<\/p>\r\n<p>&nbsp;<\/p>\r\n\r\n<p><strong>PEC 82\/2007 \u2013 A PEC DA PROBIDADE E DO FORTALECIMENTO DA GEST\u00c3O P\u00daBLICA<\/strong>Autonomia para defender o que \u00e9 do povo brasileiro<\/p>\r\n","_links":{"self":[{"href":"https:\/\/sinprofaz.org.br\/2024\/wp-json\/wp\/v2\/posts\/2011"}],"collection":[{"href":"https:\/\/sinprofaz.org.br\/2024\/wp-json\/wp\/v2\/posts"}],"about":[{"href":"https:\/\/sinprofaz.org.br\/2024\/wp-json\/wp\/v2\/types\/post"}],"author":[{"embeddable":true,"href":"https:\/\/sinprofaz.org.br\/2024\/wp-json\/wp\/v2\/users\/1"}],"replies":[{"embeddable":true,"href":"https:\/\/sinprofaz.org.br\/2024\/wp-json\/wp\/v2\/comments?post=2011"}],"version-history":[{"count":0,"href":"https:\/\/sinprofaz.org.br\/2024\/wp-json\/wp\/v2\/posts\/2011\/revisions"}],"wp:attachment":[{"href":"https:\/\/sinprofaz.org.br\/2024\/wp-json\/wp\/v2\/media?parent=2011"}],"wp:term":[{"taxonomy":"category","embeddable":true,"href":"https:\/\/sinprofaz.org.br\/2024\/wp-json\/wp\/v2\/categories?post=2011"},{"taxonomy":"post_tag","embeddable":true,"href":"https:\/\/sinprofaz.org.br\/2024\/wp-json\/wp\/v2\/tags?post=2011"}],"curies":[{"name":"wp","href":"https:\/\/api.w.org\/{rel}","templated":true}]}}