{"id":2008,"date":"2014-11-19T15:08:44","date_gmt":"2014-11-19T15:08:44","guid":{"rendered":""},"modified":"-0001-11-30T00:00:00","modified_gmt":"-0001-11-30T03:00:00","slug":"movimento-nacional-pela-advocacia-publica-deflagra-mobilizacao-total","status":"publish","type":"post","link":"https:\/\/sinprofaz.org.br\/2024\/noticias\/movimento-nacional-pela-advocacia-publica-deflagra-mobilizacao-total\/","title":{"rendered":"Movimento Nacional pela Advocacia P\u00fablica deflagra Mobiliza\u00e7\u00e3o Total"},"content":{"rendered":"<p style=\"text-align: left;\"><span style=\"line-height: 20.4799995422363px;\"><img loading=\"lazy\" decoding=\"async\" style=\"margin-right: 10px; float: left;\" alt=\"\" src=\"images\/noticias\/movimento-nacional-pela-advocacia-publica\/2014-11-19\/01.jpg\" height=\"157\" width=\"218\" \/>Decis\u00e3o foi tomada na manh\u00e3 de hoje, 19\/11, em reuni\u00e3o dos dirigentes das entidades sindicais e associativas que representam a Advocacia P\u00fablica. A recomenda\u00e7\u00e3o \u00e9 fazer plant\u00e3o na C\u00e2mara at\u00e9 a vota\u00e7\u00e3o da PEC 82\/2007<\/span><\/p>\n<p style=\"text-align: left;\">A ideia da Mobiliza\u00e7\u00e3o Total \u00e9 que todos os Advogados P\u00fablicos atuem em Bras\u00edlia e nos Estados para convencer os deputados a aprovarem a PEC da Probidade. H\u00e1 chances reais de a mat\u00e9ria ser votada em breve. Por isso, \u00e9 hora de os membros de todas as Carreiras darem sua parcela de contribui\u00e7\u00e3o nessa luta, que \u00e9 para o bem do Estado brasileiro.<\/p>\n","protected":false},"excerpt":{"rendered":"<p style=\"text-align: left;\">Decis\u00e3o foi tomada na manh\u00e3 de hoje, 19\/11, em reuni\u00e3o dos dirigentes das entidades sindicais e associativas que representam a Advocacia P\u00fablica. A recomenda\u00e7\u00e3o \u00e9 fazer plant\u00e3o na C\u00e2mara at\u00e9 a vota\u00e7\u00e3o da PEC 82\/2007<\/p>\n","protected":false},"author":1,"featured_media":0,"comment_status":"closed","ping_status":"open","sticky":false,"template":"","format":"standard","meta":{"footnotes":""},"categories":[8],"tags":[],"featured_image_url":"https:\/\/dummyimage.com\/720x400","character_count":292,"formatted_date":"19\/11\/2014 - 15:08","contentNovo":"\r\n<p style=\"text-align: left;\">Decis\u00e3o foi tomada na manh\u00e3 de hoje, 19\/11, em reuni\u00e3o dos dirigentes das entidades sindicais e associativas que representam a Advocacia P\u00fablica. A recomenda\u00e7\u00e3o \u00e9 fazer plant\u00e3o na C\u00e2mara at\u00e9 a vota\u00e7\u00e3o da PEC 82\/2007<\/p>\r\n<p style=\"text-align: left;\">A ideia da Mobiliza\u00e7\u00e3o Total \u00e9 que todos os Advogados P\u00fablicos atuem em Bras\u00edlia e nos Estados para convencer os deputados a aprovarem a PEC da Probidade. H\u00e1 chances reais de a mat\u00e9ria ser votada em breve. Por isso, \u00e9 hora de os membros de todas as Carreiras darem sua parcela de contribui\u00e7\u00e3o nessa luta, que \u00e9 para o bem do Estado brasileiro.<\/p>","_links":{"self":[{"href":"https:\/\/sinprofaz.org.br\/2024\/wp-json\/wp\/v2\/posts\/2008"}],"collection":[{"href":"https:\/\/sinprofaz.org.br\/2024\/wp-json\/wp\/v2\/posts"}],"about":[{"href":"https:\/\/sinprofaz.org.br\/2024\/wp-json\/wp\/v2\/types\/post"}],"author":[{"embeddable":true,"href":"https:\/\/sinprofaz.org.br\/2024\/wp-json\/wp\/v2\/users\/1"}],"replies":[{"embeddable":true,"href":"https:\/\/sinprofaz.org.br\/2024\/wp-json\/wp\/v2\/comments?post=2008"}],"version-history":[{"count":0,"href":"https:\/\/sinprofaz.org.br\/2024\/wp-json\/wp\/v2\/posts\/2008\/revisions"}],"wp:attachment":[{"href":"https:\/\/sinprofaz.org.br\/2024\/wp-json\/wp\/v2\/media?parent=2008"}],"wp:term":[{"taxonomy":"category","embeddable":true,"href":"https:\/\/sinprofaz.org.br\/2024\/wp-json\/wp\/v2\/categories?post=2008"},{"taxonomy":"post_tag","embeddable":true,"href":"https:\/\/sinprofaz.org.br\/2024\/wp-json\/wp\/v2\/tags?post=2008"}],"curies":[{"name":"wp","href":"https:\/\/api.w.org\/{rel}","templated":true}]}}