{"id":20034,"date":"2025-08-13T13:45:20","date_gmt":"2025-08-13T16:45:20","guid":{"rendered":"https:\/\/sinprofaz.org.br\/2024\/?p=20034"},"modified":"2025-08-13T13:45:20","modified_gmt":"2025-08-13T16:45:20","slug":"entidades-do-forvm-sao-recebidas-pelo-deputado-danilo-forte","status":"publish","type":"post","link":"https:\/\/sinprofaz.org.br\/2024\/noticias\/entidades-do-forvm-sao-recebidas-pelo-deputado-danilo-forte\/","title":{"rendered":"ENTIDADES DO FORVM S\u00c3O RECEBIDAS PELO DEPUTADO DANILO FORTE"},"content":{"rendered":"<p>As entidades do F\u00f3rum Nacional da Advocacia P\u00fablica Federal &#8211; FORVM estiveram reunidas, na ter\u00e7a-feira (12), com o deputado federal Danilo Forte (Uni\u00e3o\/CE). No encontro, promovido na C\u00e2mara dos Deputados, o SINPROFAZ foi representado pela diretora Danielle Pinheiro e pelo delegado sindical Jo\u00e3o Gabriel Cavalleiro.<\/p>\n<p>Na presen\u00e7a do parlamentar, os PFNs refor\u00e7aram a necessidade de defesa das prerrogativas da Advocacia P\u00fablica, as quais asseguram a independ\u00eancia t\u00e9cnica e funcional dos Membros no desempenho da fun\u00e7\u00e3o\u00a0essencial\u00a0\u00e0 Justi\u00e7a. Haja vista a circula\u00e7\u00e3o de informa\u00e7\u00f5es equivocadas na imprensa, tamb\u00e9m ressaltaram o risco de contamina\u00e7\u00e3o do debate junto ao Congresso Nacional e a import\u00e2ncia de um efetivo canal de di\u00e1logo entre congressistas e advogados p\u00fablicos.<\/p>\n","protected":false},"excerpt":{"rendered":"<p>As entidades do F\u00f3rum Nacional da Advocacia P\u00fablica Federal estiveram reunidas ontem (12) com o deputado federal Danilo Forte (Uni\u00e3o\/CE). No encontro, promovido na C\u00e2mara dos Deputados, o SINPROFAZ foi representado pela diretora Danielle Pinheiro e pelo delegado sindical Jo\u00e3o Gabriel Cavalleiro.<\/p>\n","protected":false},"author":2,"featured_media":20035,"comment_status":"open","ping_status":"open","sticky":false,"template":"","format":"standard","meta":{"footnotes":""},"categories":[8],"tags":[66,48,137],"featured_image_url":"https:\/\/sinprofaz.org.br\/2024\/wp-content\/uploads\/2025\/08\/1-11.png","character_count":403,"formatted_date":"13\/08\/2025 - 13:45","contentNovo":"As entidades do F\u00f3rum Nacional da Advocacia P\u00fablica Federal - FORVM estiveram reunidas, na ter\u00e7a-feira (12), com o deputado federal Danilo Forte (Uni\u00e3o\/CE). No encontro, promovido na C\u00e2mara dos Deputados, o SINPROFAZ foi representado pela diretora Danielle Pinheiro e pelo delegado sindical Jo\u00e3o Gabriel Cavalleiro.\r\n\r\nNa presen\u00e7a do parlamentar, os PFNs refor\u00e7aram a necessidade de defesa das prerrogativas da Advocacia P\u00fablica, as quais asseguram a independ\u00eancia t\u00e9cnica e funcional dos Membros no desempenho da fun\u00e7\u00e3o\u00a0essencial\u00a0\u00e0 Justi\u00e7a. Haja vista a circula\u00e7\u00e3o de informa\u00e7\u00f5es equivocadas na imprensa, tamb\u00e9m ressaltaram o risco de contamina\u00e7\u00e3o do debate junto ao Congresso Nacional e a import\u00e2ncia de um efetivo canal de di\u00e1logo entre congressistas e advogados p\u00fablicos.","_links":{"self":[{"href":"https:\/\/sinprofaz.org.br\/2024\/wp-json\/wp\/v2\/posts\/20034"}],"collection":[{"href":"https:\/\/sinprofaz.org.br\/2024\/wp-json\/wp\/v2\/posts"}],"about":[{"href":"https:\/\/sinprofaz.org.br\/2024\/wp-json\/wp\/v2\/types\/post"}],"author":[{"embeddable":true,"href":"https:\/\/sinprofaz.org.br\/2024\/wp-json\/wp\/v2\/users\/2"}],"replies":[{"embeddable":true,"href":"https:\/\/sinprofaz.org.br\/2024\/wp-json\/wp\/v2\/comments?post=20034"}],"version-history":[{"count":1,"href":"https:\/\/sinprofaz.org.br\/2024\/wp-json\/wp\/v2\/posts\/20034\/revisions"}],"predecessor-version":[{"id":20036,"href":"https:\/\/sinprofaz.org.br\/2024\/wp-json\/wp\/v2\/posts\/20034\/revisions\/20036"}],"wp:featuredmedia":[{"embeddable":true,"href":"https:\/\/sinprofaz.org.br\/2024\/wp-json\/wp\/v2\/media\/20035"}],"wp:attachment":[{"href":"https:\/\/sinprofaz.org.br\/2024\/wp-json\/wp\/v2\/media?parent=20034"}],"wp:term":[{"taxonomy":"category","embeddable":true,"href":"https:\/\/sinprofaz.org.br\/2024\/wp-json\/wp\/v2\/categories?post=20034"},{"taxonomy":"post_tag","embeddable":true,"href":"https:\/\/sinprofaz.org.br\/2024\/wp-json\/wp\/v2\/tags?post=20034"}],"curies":[{"name":"wp","href":"https:\/\/api.w.org\/{rel}","templated":true}]}}