{"id":20030,"date":"2025-08-12T18:04:34","date_gmt":"2025-08-12T21:04:34","guid":{"rendered":"https:\/\/sinprofaz.org.br\/2024\/?p=20030"},"modified":"2025-08-12T18:04:34","modified_gmt":"2025-08-12T21:04:34","slug":"oab-rj-manifesta-apoio-as-prerrogativas-da-advocacia-publica-federal","status":"publish","type":"post","link":"https:\/\/sinprofaz.org.br\/2024\/noticias\/oab-rj-manifesta-apoio-as-prerrogativas-da-advocacia-publica-federal\/","title":{"rendered":"OAB\/RJ MANIFESTA APOIO \u00c0S PRERROGATIVAS DA ADVOCACIA P\u00daBLICA FEDERAL"},"content":{"rendered":"<p>A OAB\/RJ, o SINPROFAZ e a ANAUNI se uniram para refor\u00e7ar a defesa das prerrogativas da Advocacia. O encontro entre as tr\u00eas entidades ocorreu na manh\u00e3 desta ter\u00e7a-feira (12), na sede da Seccional, e contou com a participa\u00e7\u00e3o de Ingrid Biondi, representante do Sindicato; Margarette Brites, representante da ANAUNI; e Ana Tereza Basilio, presidente da OAB\/RJ.<\/p>\n<p>Na ocasi\u00e3o, a presidente reafirmou o apoio integral \u00e0 defesa das prerrogativas da Advocacia P\u00fablica, reconhecendo que as conquistas da carreira fortalecem a atua\u00e7\u00e3o dos Membros em favor da Uni\u00e3o, dos estados e dos munic\u00edpios. Tamb\u00e9m foi ressaltada a permanente parceria entre a OAB e a Advocacia P\u00fablica Federal e o compromisso da Ordem de defender direitos e evitar retrocessos que possam prejudicar o Estado brasileiro e o trabalho dos Membros da AGU.<\/p>\n<p><em>Com informa\u00e7\u00f5es da OAB\/RJ<\/em><\/p>\n<p>&nbsp;<\/p>\n\n\t\t<style type=\"text\/css\">\n\t\t\t#gallery-1 {\n\t\t\t\tmargin: auto;\n\t\t\t}\n\t\t\t#gallery-1 .gallery-item {\n\t\t\t\tfloat: left;\n\t\t\t\tmargin-top: 10px;\n\t\t\t\ttext-align: center;\n\t\t\t\twidth: 33%;\n\t\t\t}\n\t\t\t#gallery-1 img {\n\t\t\t\tborder: 2px solid #cfcfcf;\n\t\t\t}\n\t\t\t#gallery-1 .gallery-caption {\n\t\t\t\tmargin-left: 0;\n\t\t\t}\n\t\t\t\/* see gallery_shortcode() in wp-includes\/media.php *\/\n\t\t<\/style>\n\t\t<div id='gallery-1' class='gallery galleryid-20030 gallery-columns-3 gallery-size-thumbnail'><dl class='gallery-item'>\n\t\t\t<dt class='gallery-icon landscape'>\n\t\t\t\t<a href='https:\/\/sinprofaz.org.br\/2024\/wp-content\/uploads\/2025\/08\/2-5.png'><img loading=\"lazy\" decoding=\"async\" width=\"150\" height=\"150\" src=\"https:\/\/sinprofaz.org.br\/2024\/wp-content\/uploads\/2025\/08\/2-5-150x150.png\" class=\"attachment-thumbnail size-thumbnail\" alt=\"\" \/><\/a>\n\t\t\t<\/dt><\/dl>\n\t\t\t<br style='clear: both' \/>\n\t\t<\/div>\n\n<p><!-- notionvc: 0a866814-9c73-44ef-977f-be2a439fec5e --><\/p>\n","protected":false},"excerpt":{"rendered":"<p>A OAB\/RJ, o SINPROFAZ e a ANAUNI se uniram para refor\u00e7ar a defesa das prerrogativas da Advocacia. O encontro entre as tr\u00eas entidades contou com a participa\u00e7\u00e3o de Ingrid Biondi, representante do Sindicato; Margarette Brites, representante da ANAUNI; e Ana Tereza Basilio, presidente da OAB\/RJ.<\/p>\n","protected":false},"author":2,"featured_media":20031,"comment_status":"open","ping_status":"open","sticky":false,"template":"","format":"standard","meta":{"footnotes":""},"categories":[8],"tags":[23,22,25],"featured_image_url":"https:\/\/sinprofaz.org.br\/2024\/wp-content\/uploads\/2025\/08\/1-10.png","character_count":610,"formatted_date":"12\/08\/2025 - 18:04","contentNovo":"A OAB\/RJ, o SINPROFAZ e a ANAUNI se uniram para refor\u00e7ar a defesa das prerrogativas da Advocacia. O encontro entre as tr\u00eas entidades ocorreu na manh\u00e3 desta ter\u00e7a-feira (12), na sede da Seccional, e contou com a participa\u00e7\u00e3o de Ingrid Biondi, representante do Sindicato; Margarette Brites, representante da ANAUNI; e Ana Tereza Basilio, presidente da OAB\/RJ.\r\n\r\nNa ocasi\u00e3o, a presidente reafirmou o apoio integral \u00e0 defesa das prerrogativas da Advocacia P\u00fablica, reconhecendo que as conquistas da carreira fortalecem a atua\u00e7\u00e3o dos Membros em favor da Uni\u00e3o, dos estados e dos munic\u00edpios. Tamb\u00e9m foi ressaltada a permanente parceria entre a OAB e a Advocacia P\u00fablica Federal e o compromisso da Ordem de defender direitos e evitar retrocessos que possam prejudicar o Estado brasileiro e o trabalho dos Membros da AGU.\r\n\r\n<em>Com informa\u00e7\u00f5es da OAB\/RJ<\/em>\r\n\r\n&nbsp;\r\n\r\n[gallery link=\"file\" ids=\"20032\"]\r\n\r\n","_links":{"self":[{"href":"https:\/\/sinprofaz.org.br\/2024\/wp-json\/wp\/v2\/posts\/20030"}],"collection":[{"href":"https:\/\/sinprofaz.org.br\/2024\/wp-json\/wp\/v2\/posts"}],"about":[{"href":"https:\/\/sinprofaz.org.br\/2024\/wp-json\/wp\/v2\/types\/post"}],"author":[{"embeddable":true,"href":"https:\/\/sinprofaz.org.br\/2024\/wp-json\/wp\/v2\/users\/2"}],"replies":[{"embeddable":true,"href":"https:\/\/sinprofaz.org.br\/2024\/wp-json\/wp\/v2\/comments?post=20030"}],"version-history":[{"count":1,"href":"https:\/\/sinprofaz.org.br\/2024\/wp-json\/wp\/v2\/posts\/20030\/revisions"}],"predecessor-version":[{"id":20033,"href":"https:\/\/sinprofaz.org.br\/2024\/wp-json\/wp\/v2\/posts\/20030\/revisions\/20033"}],"wp:featuredmedia":[{"embeddable":true,"href":"https:\/\/sinprofaz.org.br\/2024\/wp-json\/wp\/v2\/media\/20031"}],"wp:attachment":[{"href":"https:\/\/sinprofaz.org.br\/2024\/wp-json\/wp\/v2\/media?parent=20030"}],"wp:term":[{"taxonomy":"category","embeddable":true,"href":"https:\/\/sinprofaz.org.br\/2024\/wp-json\/wp\/v2\/categories?post=20030"},{"taxonomy":"post_tag","embeddable":true,"href":"https:\/\/sinprofaz.org.br\/2024\/wp-json\/wp\/v2\/tags?post=20030"}],"curies":[{"name":"wp","href":"https:\/\/api.w.org\/{rel}","templated":true}]}}