{"id":20004,"date":"2025-08-05T15:12:21","date_gmt":"2025-08-05T18:12:21","guid":{"rendered":"https:\/\/sinprofaz.org.br\/2024\/?p=20004"},"modified":"2025-08-05T15:12:47","modified_gmt":"2025-08-05T18:12:47","slug":"pfns-sao-convidados-para-o-i-ciclo-de-debates-advocacia-publica-em-essencia","status":"publish","type":"post","link":"https:\/\/sinprofaz.org.br\/2024\/noticias\/pfns-sao-convidados-para-o-i-ciclo-de-debates-advocacia-publica-em-essencia\/","title":{"rendered":"PFNS S\u00c3O CONVIDADOS PARA O &#8220;I CICLO DE DEBATES &#8211; ADVOCACIA P\u00daBLICA EM ESS\u00caNCIA&#8221;"},"content":{"rendered":"<p>Na pr\u00f3xima segunda-feira (11), \u00e0s 19h30, a Carreira celebra o\u00a0<strong>Dia da Advocacia<\/strong>\u00a0com uma comemora\u00e7\u00e3o especial: um encontro de identidade, prop\u00f3sito e voz.<\/p>\n<p>Trata-se do\u00a0<strong>I Ciclo de Debates &#8211; Advocacia P\u00fablica em Ess\u00eancia<\/strong>, com o tema central:\u00a0<em>Advocacia P\u00fablica \u00e9 Advocacia!<\/em><\/p>\n<p>Ser\u00e3o cinco pain\u00e9is tem\u00e1ticos conduzidos por Membros da AGU, com discuss\u00f5es afiadas acerca de prerrogativas, limites impostos, paradoxos institucionais e, sobretudo, a afirma\u00e7\u00e3o do papel como advogadas e advogados em toda a sua inteireza.<\/p>\n<p>Temas confirmados:<br \/>\n&#8211; O que \u00e9 advogar?<br \/>\n&#8211; Advocacia limitada e C\u00f3digo de \u00c9tica da AGU<br \/>\n&#8211; Honor\u00e1rios advocat\u00edcios<br \/>\n&#8211; Advocacia e Poderes P\u00fablicos<br \/>\n&#8211; O simbolismo da inscri\u00e7\u00e3o na OAB<\/p>\n<p>Mais que um evento em comemora\u00e7\u00e3o ao\u00a0<strong>Dia das Advogadas e dos Advogados<\/strong>, o encontro ser\u00e1 um ato de reafirma\u00e7\u00e3o coletiva da Advocacia P\u00fablica como fun\u00e7\u00e3o essencial \u00e0 Justi\u00e7a e como exerc\u00edcio da pr\u00f3pria advocacia. Um importante avan\u00e7o voltado ao letramento em mat\u00e9ria de identidade profissional dos advogados p\u00fablicos.<\/p>\n<p>O encontro ocorrer\u00e1 de forma on-line, com transmiss\u00e3o via Zoom. Para receber o link de acesso (30 minutos antes de o evento se iniciar), cadastre-se por meio do formul\u00e1rio:\u00a0<a href=\"https:\/\/forms.gle\/5W8CHCrFujMY2KGd6\" target=\"_blank\" rel=\"noopener\">https:\/\/forms.gle\/5W8CHCrFujMY2KGd6<\/a><\/p>\n<p>Contamos com sua presen\u00e7a para somar for\u00e7a e voz nesse debate essencial.<\/p>\n<p>&nbsp;<\/p>\n<p style=\"text-align: center;\"><em>Equipe organizadora<br \/>\n<\/em><em>Advocacia P\u00fablica em Ess\u00eancia \u2013 I Ciclo de Debates<\/em><\/p>\n<p>&nbsp;<\/p>\n\n\t\t<style type=\"text\/css\">\n\t\t\t#gallery-1 {\n\t\t\t\tmargin: auto;\n\t\t\t}\n\t\t\t#gallery-1 .gallery-item {\n\t\t\t\tfloat: left;\n\t\t\t\tmargin-top: 10px;\n\t\t\t\ttext-align: center;\n\t\t\t\twidth: 33%;\n\t\t\t}\n\t\t\t#gallery-1 img {\n\t\t\t\tborder: 2px solid #cfcfcf;\n\t\t\t}\n\t\t\t#gallery-1 .gallery-caption {\n\t\t\t\tmargin-left: 0;\n\t\t\t}\n\t\t\t\/* see gallery_shortcode() in wp-includes\/media.php *\/\n\t\t<\/style>\n\t\t<div id='gallery-1' class='gallery galleryid-20004 gallery-columns-3 gallery-size-thumbnail'><dl class='gallery-item'>\n\t\t\t<dt class='gallery-icon portrait'>\n\t\t\t\t<a href='https:\/\/sinprofaz.org.br\/2024\/wp-content\/uploads\/2025\/08\/imagem-interna.jpeg'><img loading=\"lazy\" decoding=\"async\" width=\"150\" height=\"150\" src=\"https:\/\/sinprofaz.org.br\/2024\/wp-content\/uploads\/2025\/08\/imagem-interna-150x150.jpeg\" class=\"attachment-thumbnail size-thumbnail\" alt=\"\" \/><\/a>\n\t\t\t<\/dt><\/dl>\n\t\t\t<br style='clear: both' \/>\n\t\t<\/div>\n\n<p><!-- notionvc: b345b79c-19b3-4e6c-8702-8d9bc4ed3024 --><\/p>\n","protected":false},"excerpt":{"rendered":"<p>Ser\u00e3o cinco pain\u00e9is tem\u00e1ticos conduzidos por Membros da AGU, com discuss\u00f5es afiadas acerca de prerrogativas, limites impostos, paradoxos institucionais e, sobretudo, a afirma\u00e7\u00e3o do papel como advogadas e advogados em toda a sua inteireza. Contamos com sua presen\u00e7a!<\/p>\n","protected":false},"author":2,"featured_media":20005,"comment_status":"open","ping_status":"open","sticky":false,"template":"","format":"standard","meta":{"footnotes":""},"categories":[8],"tags":[32,29,25],"featured_image_url":"https:\/\/sinprofaz.org.br\/2024\/wp-content\/uploads\/2025\/08\/1-5.png","character_count":906,"formatted_date":"05\/08\/2025 - 15:12","contentNovo":"Na pr\u00f3xima segunda-feira (11), \u00e0s 19h30, a Carreira celebra o\u00a0<strong>Dia da Advocacia<\/strong>\u00a0com uma comemora\u00e7\u00e3o especial: um encontro de identidade, prop\u00f3sito e voz.\r\n\r\nTrata-se do\u00a0<strong>I Ciclo de Debates - Advocacia P\u00fablica em Ess\u00eancia<\/strong>, com o tema central:\u00a0<em>Advocacia P\u00fablica \u00e9 Advocacia!<\/em>\r\n\r\nSer\u00e3o cinco pain\u00e9is tem\u00e1ticos conduzidos por Membros da AGU, com discuss\u00f5es afiadas acerca de prerrogativas, limites impostos, paradoxos institucionais e, sobretudo, a afirma\u00e7\u00e3o do papel como advogadas e advogados em toda a sua inteireza.\r\n\r\nTemas confirmados:\r\n- O que \u00e9 advogar?\r\n- Advocacia limitada e C\u00f3digo de \u00c9tica da AGU\r\n- Honor\u00e1rios advocat\u00edcios\r\n- Advocacia e Poderes P\u00fablicos\r\n- O simbolismo da inscri\u00e7\u00e3o na OAB\r\n\r\nMais que um evento em comemora\u00e7\u00e3o ao\u00a0<strong>Dia das Advogadas e dos Advogados<\/strong>, o encontro ser\u00e1 um ato de reafirma\u00e7\u00e3o coletiva da Advocacia P\u00fablica como fun\u00e7\u00e3o essencial \u00e0 Justi\u00e7a e como exerc\u00edcio da pr\u00f3pria advocacia. Um importante avan\u00e7o voltado ao letramento em mat\u00e9ria de identidade profissional dos advogados p\u00fablicos.\r\n\r\nO encontro ocorrer\u00e1 de forma on-line, com transmiss\u00e3o via Zoom. Para receber o link de acesso (30 minutos antes de o evento se iniciar), cadastre-se por meio do formul\u00e1rio:\u00a0<a href=\"https:\/\/forms.gle\/5W8CHCrFujMY2KGd6\" target=\"_blank\" rel=\"noopener\">https:\/\/forms.gle\/5W8CHCrFujMY2KGd6<\/a>\r\n\r\nContamos com sua presen\u00e7a para somar for\u00e7a e voz nesse debate essencial.\r\n\r\n&nbsp;\r\n<p style=\"text-align: center;\"><em>Equipe organizadora\r\n<\/em><em>Advocacia P\u00fablica em Ess\u00eancia \u2013 I Ciclo de Debates<\/em><\/p>\r\n&nbsp;\r\n\r\n[gallery link=\"file\" ids=\"20007\"]\r\n\r\n","_links":{"self":[{"href":"https:\/\/sinprofaz.org.br\/2024\/wp-json\/wp\/v2\/posts\/20004"}],"collection":[{"href":"https:\/\/sinprofaz.org.br\/2024\/wp-json\/wp\/v2\/posts"}],"about":[{"href":"https:\/\/sinprofaz.org.br\/2024\/wp-json\/wp\/v2\/types\/post"}],"author":[{"embeddable":true,"href":"https:\/\/sinprofaz.org.br\/2024\/wp-json\/wp\/v2\/users\/2"}],"replies":[{"embeddable":true,"href":"https:\/\/sinprofaz.org.br\/2024\/wp-json\/wp\/v2\/comments?post=20004"}],"version-history":[{"count":2,"href":"https:\/\/sinprofaz.org.br\/2024\/wp-json\/wp\/v2\/posts\/20004\/revisions"}],"predecessor-version":[{"id":20009,"href":"https:\/\/sinprofaz.org.br\/2024\/wp-json\/wp\/v2\/posts\/20004\/revisions\/20009"}],"wp:featuredmedia":[{"embeddable":true,"href":"https:\/\/sinprofaz.org.br\/2024\/wp-json\/wp\/v2\/media\/20005"}],"wp:attachment":[{"href":"https:\/\/sinprofaz.org.br\/2024\/wp-json\/wp\/v2\/media?parent=20004"}],"wp:term":[{"taxonomy":"category","embeddable":true,"href":"https:\/\/sinprofaz.org.br\/2024\/wp-json\/wp\/v2\/categories?post=20004"},{"taxonomy":"post_tag","embeddable":true,"href":"https:\/\/sinprofaz.org.br\/2024\/wp-json\/wp\/v2\/tags?post=20004"}],"curies":[{"name":"wp","href":"https:\/\/api.w.org\/{rel}","templated":true}]}}