{"id":2000,"date":"2014-11-12T19:51:26","date_gmt":"2014-11-12T19:51:26","guid":{"rendered":""},"modified":"-0001-11-30T00:00:00","modified_gmt":"-0001-11-30T03:00:00","slug":"advogados-publicos-mobilizados-na-camara-pela-aprovacao-da-pec-82-2007","status":"publish","type":"post","link":"https:\/\/sinprofaz.org.br\/2024\/noticias\/advogados-publicos-mobilizados-na-camara-pela-aprovacao-da-pec-82-2007\/","title":{"rendered":"Advogados P\u00fablicos mobilizados na C\u00e2mara pela aprova\u00e7\u00e3o da PEC 82\/2007"},"content":{"rendered":"<p><img loading=\"lazy\" decoding=\"async\" style=\"margin-right: 10px; margin-bottom: 5px; float: left;\" alt=\"advogados-publicos-mobilizados-camara-pela-aprovacao-pec82-2007\" src=\"images\/noticias\/advogados-publicos-mobilizados-camara-pela-aprovacao-pec82-2007.jpg\" height=\"149\" width=\"200\" \/>Na tarde desta quarta-feira, 12\/11, o presidente da C\u00e2mara, deputado Henrique Eduardo Alves (PMDB-RN), recebeu os dirigentes da Advocacia P\u00fablica para tratar da vota\u00e7\u00e3o da PEC da Probidade.<\/p>\n<p>Al\u00e9m dos representantes das entidades sindicais e associativas, mais de 300 Advogados P\u00fablicos fizeram plant\u00e3o na C\u00e2mara Federal, mobilizados pela aprova\u00e7\u00e3o da proposta que confere autonomia e prerrogativas \u00e0 Advocacia P\u00fablica.<\/p>\n<p><img loading=\"lazy\" decoding=\"async\" style=\"margin-left: 10px; margin-bottom: 5px; margin-top: 5px; float: right;\" alt=\"foto03\" src=\"images\/noticias\/advogados-publicos-mobilizados-camara-pela-aprovacao-pec82-2007\/foto03.jpg\" height=\"134\" width=\"200\" \/>O presidente da Casa, Henrique Eduardo Alves, disse aos dirigentes da Advocacia P\u00fablica do Brasil que quer votar e aprovar a PEC 82\/2007. A mat\u00e9ria estava na pauta de sess\u00e3o extraordin\u00e1ria marcada para hoje. Contudo, com o trancamento da pauta da sess\u00e3o ordin\u00e1ria por uma MP e por um projeto com urg\u00eancia constitucional, n\u00e3o foi poss\u00edvel realizar a sess\u00e3o extra que estava prevista para esta quarta-feira. Al\u00e9m disso, deputados e senadores v\u00e3o se reunir em sess\u00e3o do Congresso ainda hoje.<\/p>\n<p>Na conversa com os l\u00edderes das Carreiras, o deputado Henrique Alves agendou reuni\u00e3o da Advocacia P\u00fablica com o l\u00edder do governo, deputado Henrique Fontana (PT-RS), para a pr\u00f3xima ter\u00e7a-feira, 18\/11, \u00e0s 14h30. A expectativa \u00e9 de constru\u00e7\u00e3o de um acordo para pautar novamente a mat\u00e9ria, j\u00e1 na semana que vem, uma vez que o clima \u00e9 de consenso suprapartid\u00e1rio.<\/p>\n<div style=\"text-align: center;\">\n<p><img loading=\"lazy\" decoding=\"async\" style=\"margin-right: 5px;\" alt=\"foto01\" src=\"images\/noticias\/advogados-publicos-mobilizados-camara-pela-aprovacao-pec82-2007\/foto01.jpg\" height=\"121\" width=\"180\" \/><img loading=\"lazy\" decoding=\"async\" style=\"margin-right: 5px;\" alt=\"foto03\" src=\"images\/noticias\/advogados-publicos-mobilizados-camara-pela-aprovacao-pec82-2007\/foto03.jpg\" height=\"120\" width=\"180\" \/><img loading=\"lazy\" decoding=\"async\" alt=\"foto04\" src=\"images\/noticias\/advogados-publicos-mobilizados-camara-pela-aprovacao-pec82-2007\/foto04.jpg\" height=\"121\" width=\"180\" \/><\/p>\n<p><img loading=\"lazy\" decoding=\"async\" style=\"margin-right: 5px;\" alt=\"foto05\" src=\"images\/noticias\/advogados-publicos-mobilizados-camara-pela-aprovacao-pec82-2007\/foto05.jpg\" height=\"120\" width=\"180\" \/><img loading=\"lazy\" decoding=\"async\" style=\"margin-right: 5px;\" alt=\"foto06\" src=\"images\/noticias\/advogados-publicos-mobilizados-camara-pela-aprovacao-pec82-2007\/foto06.jpg\" height=\"120\" width=\"180\" \/><img loading=\"lazy\" decoding=\"async\" alt=\"foto07\" src=\"images\/noticias\/advogados-publicos-mobilizados-camara-pela-aprovacao-pec82-2007\/foto07.jpg\" height=\"120\" width=\"180\" \/><\/p>\n<\/div>\n","protected":false},"excerpt":{"rendered":"<p>Na tarde desta quarta-feira, 12\/11, o presidente da C\u00e2mara, deputado Henrique Eduardo Alves (PMDB-RN), recebeu os dirigentes da Advocacia P\u00fablica para tratar da vota\u00e7\u00e3o da PEC da Probidade.<\/p>\n","protected":false},"author":1,"featured_media":0,"comment_status":"closed","ping_status":"open","sticky":false,"template":"","format":"standard","meta":{"footnotes":""},"categories":[8],"tags":[],"featured_image_url":"https:\/\/dummyimage.com\/720x400","character_count":654,"formatted_date":"12\/11\/2014 - 19:51","contentNovo":"\r\n<p>Na tarde desta quarta-feira, 12\/11, o presidente da C\u00e2mara, deputado Henrique Eduardo Alves (PMDB-RN), recebeu os dirigentes da Advocacia P\u00fablica para tratar da vota\u00e7\u00e3o da PEC da Probidade.<\/p>\r\n<p>Al\u00e9m dos representantes das entidades sindicais e associativas, mais de 300 Advogados P\u00fablicos fizeram plant\u00e3o na C\u00e2mara Federal, mobilizados pela aprova\u00e7\u00e3o da proposta que confere autonomia e prerrogativas \u00e0 Advocacia P\u00fablica.<\/p>\r\n<p>O presidente da Casa, Henrique Eduardo Alves, disse aos dirigentes da Advocacia P\u00fablica do Brasil que quer votar e aprovar a PEC 82\/2007. A mat\u00e9ria estava na pauta de sess\u00e3o extraordin\u00e1ria marcada para hoje. Contudo, com o trancamento da pauta da sess\u00e3o ordin\u00e1ria por uma MP e por um projeto com urg\u00eancia constitucional, n\u00e3o foi poss\u00edvel realizar a sess\u00e3o extra que estava prevista para esta quarta-feira. Al\u00e9m disso, deputados e senadores v\u00e3o se reunir em sess\u00e3o do Congresso ainda hoje.<\/p>\r\n<p>Na conversa com os l\u00edderes das Carreiras, o deputado Henrique Alves agendou reuni\u00e3o da Advocacia P\u00fablica com o l\u00edder do governo, deputado Henrique Fontana (PT-RS), para a pr\u00f3xima ter\u00e7a-feira, 18\/11, \u00e0s 14h30. A expectativa \u00e9 de constru\u00e7\u00e3o de um acordo para pautar novamente a mat\u00e9ria, j\u00e1 na semana que vem, uma vez que o clima \u00e9 de consenso suprapartid\u00e1rio.<\/p>\r\n\r\n<p><\/p>\r\n<p><\/p>\r\n","_links":{"self":[{"href":"https:\/\/sinprofaz.org.br\/2024\/wp-json\/wp\/v2\/posts\/2000"}],"collection":[{"href":"https:\/\/sinprofaz.org.br\/2024\/wp-json\/wp\/v2\/posts"}],"about":[{"href":"https:\/\/sinprofaz.org.br\/2024\/wp-json\/wp\/v2\/types\/post"}],"author":[{"embeddable":true,"href":"https:\/\/sinprofaz.org.br\/2024\/wp-json\/wp\/v2\/users\/1"}],"replies":[{"embeddable":true,"href":"https:\/\/sinprofaz.org.br\/2024\/wp-json\/wp\/v2\/comments?post=2000"}],"version-history":[{"count":0,"href":"https:\/\/sinprofaz.org.br\/2024\/wp-json\/wp\/v2\/posts\/2000\/revisions"}],"wp:attachment":[{"href":"https:\/\/sinprofaz.org.br\/2024\/wp-json\/wp\/v2\/media?parent=2000"}],"wp:term":[{"taxonomy":"category","embeddable":true,"href":"https:\/\/sinprofaz.org.br\/2024\/wp-json\/wp\/v2\/categories?post=2000"},{"taxonomy":"post_tag","embeddable":true,"href":"https:\/\/sinprofaz.org.br\/2024\/wp-json\/wp\/v2\/tags?post=2000"}],"curies":[{"name":"wp","href":"https:\/\/api.w.org\/{rel}","templated":true}]}}