{"id":19996,"date":"2025-08-04T15:59:06","date_gmt":"2025-08-04T18:59:06","guid":{"rendered":"https:\/\/sinprofaz.org.br\/2024\/?p=19996"},"modified":"2025-08-04T15:59:06","modified_gmt":"2025-08-04T18:59:06","slug":"dirigentes-do-sinprofaz-se-reunem-com-advogado-walter-laranjeiras","status":"publish","type":"post","link":"https:\/\/sinprofaz.org.br\/2024\/noticias\/dirigentes-do-sinprofaz-se-reunem-com-advogado-walter-laranjeiras\/","title":{"rendered":"DIRIGENTES DO SINPROFAZ SE RE\u00daNEM COM ADVOGADO WALTER LARANJEIRAS"},"content":{"rendered":"<p>Temas jur\u00eddicos de interesse da Carreira pautaram a primeira reuni\u00e3o realizada entre a nova Diretoria do SINPROFAZ e o advogado Walter Laranjeiras. No encontro, promovido na quinta-feira (31), o Sindicato foi representado pelo diretor jur\u00eddico,\u00a0Paulo Roberto Gon\u00e7alves; pela presidente, Val\u00e9ria Ferreira; pela diretora de Assuntos Relativos aos Aposentados, Maria Aparecida Silva; e pelo diretor secret\u00e1rio,\u00a0Rafael Carlos Oliveira.<\/p>\n<p>Na ocasi\u00e3o, diretores e advogado discutiram provid\u00eancias a serem tomadas visando \u00e0 garantia dos direitos de filiadas e filiados. Houve tamb\u00e9m atualiza\u00e7\u00f5es sobre andamentos processuais e debates a respeito de estrat\u00e9gias eficazes. A r\u00e1pida e ben\u00e9fica conclus\u00e3o das a\u00e7\u00f5es judiciais norteia o trabalho do advogado, da Diretoria Jur\u00eddica e das demais pastas do Sindicato, haja vista a relev\u00e2ncia dos processos jur\u00eddicos para a Carreira.<\/p>\n\n\t\t<style type=\"text\/css\">\n\t\t\t#gallery-1 {\n\t\t\t\tmargin: auto;\n\t\t\t}\n\t\t\t#gallery-1 .gallery-item {\n\t\t\t\tfloat: left;\n\t\t\t\tmargin-top: 10px;\n\t\t\t\ttext-align: center;\n\t\t\t\twidth: 33%;\n\t\t\t}\n\t\t\t#gallery-1 img {\n\t\t\t\tborder: 2px solid #cfcfcf;\n\t\t\t}\n\t\t\t#gallery-1 .gallery-caption {\n\t\t\t\tmargin-left: 0;\n\t\t\t}\n\t\t\t\/* see gallery_shortcode() in wp-includes\/media.php *\/\n\t\t<\/style>\n\t\t<div id='gallery-1' class='gallery galleryid-19996 gallery-columns-3 gallery-size-thumbnail'><dl class='gallery-item'>\n\t\t\t<dt class='gallery-icon landscape'>\n\t\t\t\t<a href='https:\/\/sinprofaz.org.br\/2024\/wp-content\/uploads\/2025\/08\/2-1.png'><img loading=\"lazy\" decoding=\"async\" width=\"150\" height=\"150\" src=\"https:\/\/sinprofaz.org.br\/2024\/wp-content\/uploads\/2025\/08\/2-1-150x150.png\" class=\"attachment-thumbnail size-thumbnail\" alt=\"\" \/><\/a>\n\t\t\t<\/dt><\/dl><dl class='gallery-item'>\n\t\t\t<dt class='gallery-icon landscape'>\n\t\t\t\t<a href='https:\/\/sinprofaz.org.br\/2024\/wp-content\/uploads\/2025\/08\/3-1.png'><img loading=\"lazy\" decoding=\"async\" width=\"150\" height=\"150\" src=\"https:\/\/sinprofaz.org.br\/2024\/wp-content\/uploads\/2025\/08\/3-1-150x150.png\" class=\"attachment-thumbnail size-thumbnail\" alt=\"\" \/><\/a>\n\t\t\t<\/dt><\/dl>\n\t\t\t<br style='clear: both' \/>\n\t\t<\/div>\n\n","protected":false},"excerpt":{"rendered":"<p>Temas jur\u00eddicos de interesse da Carreira pautaram a primeira reuni\u00e3o realizada entre a nova Diretoria do SINPROFAZ e o advogado Walter Laranjeiras. No encontro, o Sindicato foi representado por Paulo Roberto Gon\u00e7alves, Val\u00e9ria Ferreira, Maria Aparecida Silva e Rafael Carlos Oliveira.<\/p>\n","protected":false},"author":2,"featured_media":19997,"comment_status":"open","ping_status":"open","sticky":false,"template":"","format":"standard","meta":{"footnotes":""},"categories":[8],"tags":[32,26,25],"featured_image_url":"https:\/\/sinprofaz.org.br\/2024\/wp-content\/uploads\/2025\/08\/1-3.png","character_count":629,"formatted_date":"04\/08\/2025 - 15:59","contentNovo":"Temas jur\u00eddicos de interesse da Carreira pautaram a primeira reuni\u00e3o realizada entre a nova Diretoria do SINPROFAZ e o advogado Walter Laranjeiras. No encontro, promovido na quinta-feira (31), o Sindicato foi representado pelo diretor jur\u00eddico,\u00a0Paulo Roberto Gon\u00e7alves; pela presidente, Val\u00e9ria Ferreira; pela diretora de Assuntos Relativos aos Aposentados, Maria Aparecida Silva; e pelo diretor secret\u00e1rio,\u00a0Rafael Carlos Oliveira.\r\n\r\nNa ocasi\u00e3o, diretores e advogado discutiram provid\u00eancias a serem tomadas visando \u00e0 garantia dos direitos de filiadas e filiados. Houve tamb\u00e9m atualiza\u00e7\u00f5es sobre andamentos processuais e debates a respeito de estrat\u00e9gias eficazes. A r\u00e1pida e ben\u00e9fica conclus\u00e3o das a\u00e7\u00f5es judiciais norteia o trabalho do advogado, da Diretoria Jur\u00eddica e das demais pastas do Sindicato, haja vista a relev\u00e2ncia dos processos jur\u00eddicos para a Carreira.\r\n\r\n[gallery link=\"file\" ids=\"19998,19999\"]","_links":{"self":[{"href":"https:\/\/sinprofaz.org.br\/2024\/wp-json\/wp\/v2\/posts\/19996"}],"collection":[{"href":"https:\/\/sinprofaz.org.br\/2024\/wp-json\/wp\/v2\/posts"}],"about":[{"href":"https:\/\/sinprofaz.org.br\/2024\/wp-json\/wp\/v2\/types\/post"}],"author":[{"embeddable":true,"href":"https:\/\/sinprofaz.org.br\/2024\/wp-json\/wp\/v2\/users\/2"}],"replies":[{"embeddable":true,"href":"https:\/\/sinprofaz.org.br\/2024\/wp-json\/wp\/v2\/comments?post=19996"}],"version-history":[{"count":1,"href":"https:\/\/sinprofaz.org.br\/2024\/wp-json\/wp\/v2\/posts\/19996\/revisions"}],"predecessor-version":[{"id":20000,"href":"https:\/\/sinprofaz.org.br\/2024\/wp-json\/wp\/v2\/posts\/19996\/revisions\/20000"}],"wp:featuredmedia":[{"embeddable":true,"href":"https:\/\/sinprofaz.org.br\/2024\/wp-json\/wp\/v2\/media\/19997"}],"wp:attachment":[{"href":"https:\/\/sinprofaz.org.br\/2024\/wp-json\/wp\/v2\/media?parent=19996"}],"wp:term":[{"taxonomy":"category","embeddable":true,"href":"https:\/\/sinprofaz.org.br\/2024\/wp-json\/wp\/v2\/categories?post=19996"},{"taxonomy":"post_tag","embeddable":true,"href":"https:\/\/sinprofaz.org.br\/2024\/wp-json\/wp\/v2\/tags?post=19996"}],"curies":[{"name":"wp","href":"https:\/\/api.w.org\/{rel}","templated":true}]}}