{"id":19991,"date":"2025-08-01T13:42:03","date_gmt":"2025-08-01T16:42:03","guid":{"rendered":"https:\/\/sinprofaz.org.br\/2024\/?p=19991"},"modified":"2025-08-01T13:42:03","modified_gmt":"2025-08-01T16:42:03","slug":"sinprofaz-e-recebido-por-tadeu-alencar-na-sede-do-ministerio-do-empreendedorismo","status":"publish","type":"post","link":"https:\/\/sinprofaz.org.br\/2024\/noticias\/sinprofaz-e-recebido-por-tadeu-alencar-na-sede-do-ministerio-do-empreendedorismo\/","title":{"rendered":"SINPROFAZ \u00c9 RECEBIDO POR TADEU ALENCAR NA SEDE DO MINIST\u00c9RIO DO EMPREENDEDORISMO"},"content":{"rendered":"<p>O SINPROFAZ teve a honra de ser recebido, na quinta-feira (31), pelo filiado Tadeu Alencar, secret\u00e1rio-executivo do Minist\u00e9rio do Empreendedorismo, da Microempresa e da Empresa de Pequeno Porte. Na reuni\u00e3o, que ocorreu na sede da Pasta, em Bras\u00edlia\/DF, o Sindicato foi representado pela presidente, Val\u00e9ria Ferreira; pelo diretor secret\u00e1rio, Rafael Oliveira; e pela diretora de Assuntos Relativos aos Aposentados, Maria Aparecida Silva.<\/p>\n<p>Deputado federal (PSB\/PE) por dois mandatos (2015-2022), Tadeu Alencar tem vasto conhecimento da vida pol\u00edtica. Ex-delegado sindical, compreende com profundidade os desafios da lideran\u00e7a associativa. Por toda a experi\u00eancia e habilidade, \u00e9 um parceiro fundamental do SINPROFAZ e, h\u00e1 anos, atua na defesa das prerrogativas da Carreira, propondo estrat\u00e9gias e construindo pontes essenciais entre o Sindicato e os tomadores de decis\u00e3o nos Tr\u00eas Poderes.<\/p>\n<p>&nbsp;<\/p>\n\n\t\t<style type=\"text\/css\">\n\t\t\t#gallery-1 {\n\t\t\t\tmargin: auto;\n\t\t\t}\n\t\t\t#gallery-1 .gallery-item {\n\t\t\t\tfloat: left;\n\t\t\t\tmargin-top: 10px;\n\t\t\t\ttext-align: center;\n\t\t\t\twidth: 33%;\n\t\t\t}\n\t\t\t#gallery-1 img {\n\t\t\t\tborder: 2px solid #cfcfcf;\n\t\t\t}\n\t\t\t#gallery-1 .gallery-caption {\n\t\t\t\tmargin-left: 0;\n\t\t\t}\n\t\t\t\/* see gallery_shortcode() in wp-includes\/media.php *\/\n\t\t<\/style>\n\t\t<div id='gallery-1' class='gallery galleryid-19991 gallery-columns-3 gallery-size-thumbnail'><dl class='gallery-item'>\n\t\t\t<dt class='gallery-icon landscape'>\n\t\t\t\t<a href='https:\/\/sinprofaz.org.br\/2024\/wp-content\/uploads\/2025\/08\/2.png'><img loading=\"lazy\" decoding=\"async\" width=\"150\" height=\"150\" src=\"https:\/\/sinprofaz.org.br\/2024\/wp-content\/uploads\/2025\/08\/2-150x150.png\" class=\"attachment-thumbnail size-thumbnail\" alt=\"\" \/><\/a>\n\t\t\t<\/dt><\/dl><dl class='gallery-item'>\n\t\t\t<dt class='gallery-icon landscape'>\n\t\t\t\t<a href='https:\/\/sinprofaz.org.br\/2024\/wp-content\/uploads\/2025\/08\/3.png'><img loading=\"lazy\" decoding=\"async\" width=\"150\" height=\"150\" src=\"https:\/\/sinprofaz.org.br\/2024\/wp-content\/uploads\/2025\/08\/3-150x150.png\" class=\"attachment-thumbnail size-thumbnail\" alt=\"\" \/><\/a>\n\t\t\t<\/dt><\/dl>\n\t\t\t<br style='clear: both' \/>\n\t\t<\/div>\n\n","protected":false},"excerpt":{"rendered":"<p>Na reuni\u00e3o, que ocorreu na sede da Pasta, em Bras\u00edlia\/DF, o Sindicato foi representado pela presidente, Val\u00e9ria Ferreira; pelo diretor secret\u00e1rio, Rafael Oliveira; e pela diretora de Assuntos Relativos aos Aposentados, Maria Aparecida Silva.<\/p>\n","protected":false},"author":2,"featured_media":19992,"comment_status":"open","ping_status":"open","sticky":false,"template":"","format":"standard","meta":{"footnotes":""},"categories":[8],"tags":[32,251,25],"featured_image_url":"https:\/\/sinprofaz.org.br\/2024\/wp-content\/uploads\/2025\/08\/1-2.png","character_count":638,"formatted_date":"01\/08\/2025 - 13:42","contentNovo":"O SINPROFAZ teve a honra de ser recebido, na quinta-feira (31), pelo filiado Tadeu Alencar, secret\u00e1rio-executivo do Minist\u00e9rio do Empreendedorismo, da Microempresa e da Empresa de Pequeno Porte. Na reuni\u00e3o, que ocorreu na sede da Pasta, em Bras\u00edlia\/DF, o Sindicato foi representado pela presidente, Val\u00e9ria Ferreira; pelo diretor secret\u00e1rio, Rafael Oliveira; e pela diretora de Assuntos Relativos aos Aposentados, Maria Aparecida Silva.\r\n\r\nDeputado federal (PSB\/PE) por dois mandatos (2015-2022), Tadeu Alencar tem vasto conhecimento da vida pol\u00edtica. Ex-delegado sindical, compreende com profundidade os desafios da lideran\u00e7a associativa. Por toda a experi\u00eancia e habilidade, \u00e9 um parceiro fundamental do SINPROFAZ e, h\u00e1 anos, atua na defesa das prerrogativas da Carreira, propondo estrat\u00e9gias e construindo pontes essenciais entre o Sindicato e os tomadores de decis\u00e3o nos Tr\u00eas Poderes.\r\n\r\n&nbsp;\r\n\r\n[gallery link=\"file\" ids=\"19993,19994\"]","_links":{"self":[{"href":"https:\/\/sinprofaz.org.br\/2024\/wp-json\/wp\/v2\/posts\/19991"}],"collection":[{"href":"https:\/\/sinprofaz.org.br\/2024\/wp-json\/wp\/v2\/posts"}],"about":[{"href":"https:\/\/sinprofaz.org.br\/2024\/wp-json\/wp\/v2\/types\/post"}],"author":[{"embeddable":true,"href":"https:\/\/sinprofaz.org.br\/2024\/wp-json\/wp\/v2\/users\/2"}],"replies":[{"embeddable":true,"href":"https:\/\/sinprofaz.org.br\/2024\/wp-json\/wp\/v2\/comments?post=19991"}],"version-history":[{"count":1,"href":"https:\/\/sinprofaz.org.br\/2024\/wp-json\/wp\/v2\/posts\/19991\/revisions"}],"predecessor-version":[{"id":19995,"href":"https:\/\/sinprofaz.org.br\/2024\/wp-json\/wp\/v2\/posts\/19991\/revisions\/19995"}],"wp:featuredmedia":[{"embeddable":true,"href":"https:\/\/sinprofaz.org.br\/2024\/wp-json\/wp\/v2\/media\/19992"}],"wp:attachment":[{"href":"https:\/\/sinprofaz.org.br\/2024\/wp-json\/wp\/v2\/media?parent=19991"}],"wp:term":[{"taxonomy":"category","embeddable":true,"href":"https:\/\/sinprofaz.org.br\/2024\/wp-json\/wp\/v2\/categories?post=19991"},{"taxonomy":"post_tag","embeddable":true,"href":"https:\/\/sinprofaz.org.br\/2024\/wp-json\/wp\/v2\/tags?post=19991"}],"curies":[{"name":"wp","href":"https:\/\/api.w.org\/{rel}","templated":true}]}}