{"id":19986,"date":"2025-07-31T14:00:46","date_gmt":"2025-07-31T17:00:46","guid":{"rendered":"https:\/\/sinprofaz.org.br\/2024\/?p=19986"},"modified":"2025-08-01T10:04:58","modified_gmt":"2025-08-01T13:04:58","slug":"sinprofaz-compoe-ciclo-de-palestras-sobre-tributacao-inclusiva-e-plural","status":"publish","type":"post","link":"https:\/\/sinprofaz.org.br\/2024\/noticias\/sinprofaz-compoe-ciclo-de-palestras-sobre-tributacao-inclusiva-e-plural\/","title":{"rendered":"SINPROFAZ COMP\u00d5E CICLO DE PALESTRAS SOBRE TRIBUTA\u00c7\u00c3O INCLUSIVA E PLURAL"},"content":{"rendered":"<p>Em celebra\u00e7\u00e3o ao Dia Internacional da Mulher Negra Latino-Americana e Caribenha, comemorado em 25 de julho, Colegas negras da Procuradoria-Geral da Fazenda Nacional palestraram sobre o tema &#8220;Por uma tributa\u00e7\u00e3o brasileira mais inclusiva e plural&#8221;. Realizado no \u00faltimo dia 22, em Bras\u00edlia\/DF, o evento foi uma iniciativa do programa\u00a0<em>Escritas e Vozes Negras<\/em>, da Advocacia-Geral da Uni\u00e3o, e contou com a presen\u00e7a do SINPROFAZ, na pessoa da diretora Keila Morganna Gomes de Melo.<\/p>\n<p>Segundo a diretora, a tributa\u00e7\u00e3o sobre o consumo \u00e9 a que mais atinge as mulheres negras no Brasil. Para compreender como o sistema tribut\u00e1rio perpetua a desigualdade social, por\u00e9m, \u00e9 preciso entender a hist\u00f3ria e identificar o racismo em todas as suas vertentes: &#8220;No passado, a base econ\u00f4mica do Brasil era sustentada pelos escravos. Atualmente, a base \u00e9 formada por descendentes desses escravizados&#8221;.<\/p>\n<p>A \u00edntegra do evento, que teve a participa\u00e7\u00e3o de v\u00e1rias PFNs filiadas, est\u00e1 dispon\u00edvel no canal da Escola Superior da AGU no YouTube. Assista:\u00a0<a href=\"https:\/\/www.youtube.com\/watch?v=g1Q65QhkEHg\" target=\"_blank\" rel=\"noopener\">https:\/\/www.youtube.com\/watch?v=g1Q65QhkEHg<\/a><\/p>\n<p><!-- notionvc: 403509bd-1921-42bf-80a3-06c351d5c813 --><\/p>\n","protected":false},"excerpt":{"rendered":"<p>Em celebra\u00e7\u00e3o ao Dia Internacional da Mulher Negra Latino-Americana e Caribenha, Colegas negras da PGFN palestraram sobre o tema &#8220;Por uma tributa\u00e7\u00e3o brasileira mais inclusiva e plural&#8221;. O evento contou com a presen\u00e7a da diretora do SINPROFAZ Keila Morganna Gomes de Melo.<\/p>\n","protected":false},"author":2,"featured_media":19987,"comment_status":"open","ping_status":"open","sticky":false,"template":"","format":"standard","meta":{"footnotes":""},"categories":[8],"tags":[32,44,25],"featured_image_url":"https:\/\/sinprofaz.org.br\/2024\/wp-content\/uploads\/2025\/08\/1-1.png","character_count":557,"formatted_date":"31\/07\/2025 - 14:00","contentNovo":"Em celebra\u00e7\u00e3o ao Dia Internacional da Mulher Negra Latino-Americana e Caribenha, comemorado em 25 de julho, Colegas negras da Procuradoria-Geral da Fazenda Nacional palestraram sobre o tema \"Por uma tributa\u00e7\u00e3o brasileira mais inclusiva e plural\". Realizado no \u00faltimo dia 22, em Bras\u00edlia\/DF, o evento foi uma iniciativa do programa\u00a0<em>Escritas e Vozes Negras<\/em>, da Advocacia-Geral da Uni\u00e3o, e contou com a presen\u00e7a do SINPROFAZ, na pessoa da diretora Keila Morganna Gomes de Melo.\r\n\r\nSegundo a diretora, a tributa\u00e7\u00e3o sobre o consumo \u00e9 a que mais atinge as mulheres negras no Brasil. Para compreender como o sistema tribut\u00e1rio perpetua a desigualdade social, por\u00e9m, \u00e9 preciso entender a hist\u00f3ria e identificar o racismo em todas as suas vertentes: \"No passado, a base econ\u00f4mica do Brasil era sustentada pelos escravos. Atualmente, a base \u00e9 formada por descendentes desses escravizados\".\r\n\r\nA \u00edntegra do evento, que teve a participa\u00e7\u00e3o de v\u00e1rias PFNs filiadas, est\u00e1 dispon\u00edvel no canal da Escola Superior da AGU no YouTube. Assista:\u00a0<a href=\"https:\/\/www.youtube.com\/watch?v=g1Q65QhkEHg\" target=\"_blank\" rel=\"noopener\">https:\/\/www.youtube.com\/watch?v=g1Q65QhkEHg<\/a>\r\n\r\n","_links":{"self":[{"href":"https:\/\/sinprofaz.org.br\/2024\/wp-json\/wp\/v2\/posts\/19986"}],"collection":[{"href":"https:\/\/sinprofaz.org.br\/2024\/wp-json\/wp\/v2\/posts"}],"about":[{"href":"https:\/\/sinprofaz.org.br\/2024\/wp-json\/wp\/v2\/types\/post"}],"author":[{"embeddable":true,"href":"https:\/\/sinprofaz.org.br\/2024\/wp-json\/wp\/v2\/users\/2"}],"replies":[{"embeddable":true,"href":"https:\/\/sinprofaz.org.br\/2024\/wp-json\/wp\/v2\/comments?post=19986"}],"version-history":[{"count":1,"href":"https:\/\/sinprofaz.org.br\/2024\/wp-json\/wp\/v2\/posts\/19986\/revisions"}],"predecessor-version":[{"id":19988,"href":"https:\/\/sinprofaz.org.br\/2024\/wp-json\/wp\/v2\/posts\/19986\/revisions\/19988"}],"wp:featuredmedia":[{"embeddable":true,"href":"https:\/\/sinprofaz.org.br\/2024\/wp-json\/wp\/v2\/media\/19987"}],"wp:attachment":[{"href":"https:\/\/sinprofaz.org.br\/2024\/wp-json\/wp\/v2\/media?parent=19986"}],"wp:term":[{"taxonomy":"category","embeddable":true,"href":"https:\/\/sinprofaz.org.br\/2024\/wp-json\/wp\/v2\/categories?post=19986"},{"taxonomy":"post_tag","embeddable":true,"href":"https:\/\/sinprofaz.org.br\/2024\/wp-json\/wp\/v2\/tags?post=19986"}],"curies":[{"name":"wp","href":"https:\/\/api.w.org\/{rel}","templated":true}]}}