{"id":1994,"date":"2014-11-10T19:15:48","date_gmt":"2014-11-10T19:15:48","guid":{"rendered":""},"modified":"-0001-11-30T00:00:00","modified_gmt":"-0001-11-30T03:00:00","slug":"lajeado-dia-nacional-de-paralisacao-da-advocacia-publica-federal","status":"publish","type":"post","link":"https:\/\/sinprofaz.org.br\/2024\/noticias\/lajeado-dia-nacional-de-paralisacao-da-advocacia-publica-federal\/","title":{"rendered":"Lajeado: Dia Nacional de Paralisa\u00e7\u00e3o da Advocacia P\u00fablica Federal"},"content":{"rendered":"<p><img loading=\"lazy\" decoding=\"async\" style=\"margin-right: 10px; float: left;\" alt=\"foto01\" src=\"images\/noticias\/lajeado-dia-nacional-paralisacao-advocacia-publica\/foto01.jpg\" height=\"113\" width=\"200\" \/>Al\u00e9m da a\u00e7\u00e3o em Porto Alegre, outras unidades da PGFN manifestaram-se no Estado do Rio Grande do Sul pela valoriza\u00e7\u00e3o das Carreiras da Advocacia-Geral da Uni\u00e3o.<img loading=\"lazy\" decoding=\"async\" style=\"margin-left: 10px; margin-top: 5px; float: right;\" alt=\"foto02\" src=\"images\/noticias\/lajeado-dia-nacional-paralisacao-advocacia-publica\/foto02.jpg\" height=\"150\" width=\"125\" \/><\/p>\n<p>O Procurador da Fazenda Nacional Rafael Colembergue e demais Colegas lotados em Lajeado reuniram-se na semana passada para debater os pleitos da Carreira de PFN, especialmente a PEC 82\/2007, que confere autonomia e prerrogativas \u00e0 Advocacia P\u00fablica nas tr\u00eas esferas &#8211; federal, estadual e municipal.<\/p>\n","protected":false},"excerpt":{"rendered":"<p>Al\u00e9m da a\u00e7\u00e3o em Porto Alegre, outras unidades da PGFN manifestaram-se no Estado do Rio Grande do Sul pela valoriza\u00e7\u00e3o das Carreiras da Advocacia-Geral da Uni\u00e3o.<\/p>\n","protected":false},"author":1,"featured_media":0,"comment_status":"closed","ping_status":"open","sticky":false,"template":"","format":"standard","meta":{"footnotes":""},"categories":[8],"tags":[],"featured_image_url":"https:\/\/dummyimage.com\/720x400","character_count":238,"formatted_date":"10\/11\/2014 - 19:15","contentNovo":"\r\n<p>Al\u00e9m da a\u00e7\u00e3o em Porto Alegre, outras unidades da PGFN manifestaram-se no Estado do Rio Grande do Sul pela valoriza\u00e7\u00e3o das Carreiras da Advocacia-Geral da Uni\u00e3o.<\/p>\r\n<p>O Procurador da Fazenda Nacional Rafael Colembergue e demais Colegas lotados em Lajeado reuniram-se na semana passada para debater os pleitos da Carreira de PFN, especialmente a PEC 82\/2007, que confere autonomia e prerrogativas \u00e0 Advocacia P\u00fablica nas tr\u00eas esferas - federal, estadual e municipal.<\/p>","_links":{"self":[{"href":"https:\/\/sinprofaz.org.br\/2024\/wp-json\/wp\/v2\/posts\/1994"}],"collection":[{"href":"https:\/\/sinprofaz.org.br\/2024\/wp-json\/wp\/v2\/posts"}],"about":[{"href":"https:\/\/sinprofaz.org.br\/2024\/wp-json\/wp\/v2\/types\/post"}],"author":[{"embeddable":true,"href":"https:\/\/sinprofaz.org.br\/2024\/wp-json\/wp\/v2\/users\/1"}],"replies":[{"embeddable":true,"href":"https:\/\/sinprofaz.org.br\/2024\/wp-json\/wp\/v2\/comments?post=1994"}],"version-history":[{"count":0,"href":"https:\/\/sinprofaz.org.br\/2024\/wp-json\/wp\/v2\/posts\/1994\/revisions"}],"wp:attachment":[{"href":"https:\/\/sinprofaz.org.br\/2024\/wp-json\/wp\/v2\/media?parent=1994"}],"wp:term":[{"taxonomy":"category","embeddable":true,"href":"https:\/\/sinprofaz.org.br\/2024\/wp-json\/wp\/v2\/categories?post=1994"},{"taxonomy":"post_tag","embeddable":true,"href":"https:\/\/sinprofaz.org.br\/2024\/wp-json\/wp\/v2\/tags?post=1994"}],"curies":[{"name":"wp","href":"https:\/\/api.w.org\/{rel}","templated":true}]}}