{"id":19929,"date":"2025-07-18T17:31:42","date_gmt":"2025-07-18T20:31:42","guid":{"rendered":"https:\/\/sinprofaz.org.br\/2024\/?p=19929"},"modified":"2025-07-18T17:31:42","modified_gmt":"2025-07-18T20:31:42","slug":"sinprofaz-e-instituto-mosap-tracam-estrategias-em-prol-da-pec-6-2024","status":"publish","type":"post","link":"https:\/\/sinprofaz.org.br\/2024\/noticias\/sinprofaz-e-instituto-mosap-tracam-estrategias-em-prol-da-pec-6-2024\/","title":{"rendered":"SINPROFAZ E INSTITUTO MOSAP TRA\u00c7AM ESTRAT\u00c9GIAS EM PROL DA PEC 6\/2024"},"content":{"rendered":"<p>Na ter\u00e7a-feira (15), o SINPROFAZ, por sua diretora de Aposentados e Pensionistas, esteve reunido com o Instituto MOSAP para debater e tra\u00e7ar estrat\u00e9gias para o encaminhamento da PEC 6\/2024, que trata da extin\u00e7\u00e3o da contribui\u00e7\u00e3o previdenci\u00e1ria dos aposentados.<\/p>\n<p>Na ocasi\u00e3o, ficou estabelecido que, ap\u00f3s o recesso legislativo, ser\u00e1 preciso concentrar a\u00e7\u00f5es junto ao Parlamento com vistas ao deferimento dos requerimentos de anexa\u00e7\u00e3o das PECs 555\/2006 e 6\/2024 e vota\u00e7\u00e3o ainda nesta legislatura.<\/p>\n","protected":false},"excerpt":{"rendered":"<p>Na ter\u00e7a-feira (15), o SINPROFAZ, por sua diretora de Aposentados e Pensionistas, esteve reunido com o Instituto MOSAP para debater e tra\u00e7ar estrat\u00e9gias para o encaminhamento da PEC 6\/2024, que trata da extin\u00e7\u00e3o da contribui\u00e7\u00e3o previdenci\u00e1ria dos aposentados.<\/p>\n","protected":false},"author":2,"featured_media":19930,"comment_status":"open","ping_status":"open","sticky":false,"template":"","format":"standard","meta":{"footnotes":""},"categories":[8],"tags":[27,209,25],"featured_image_url":"https:\/\/sinprofaz.org.br\/2024\/wp-content\/uploads\/2025\/07\/1-8.png","character_count":255,"formatted_date":"18\/07\/2025 - 17:31","contentNovo":"Na ter\u00e7a-feira (15), o SINPROFAZ, por sua diretora de Aposentados e Pensionistas, esteve reunido com o Instituto MOSAP para debater e tra\u00e7ar estrat\u00e9gias para o encaminhamento da PEC 6\/2024, que trata da extin\u00e7\u00e3o da contribui\u00e7\u00e3o previdenci\u00e1ria dos aposentados.\r\n\r\nNa ocasi\u00e3o, ficou estabelecido que, ap\u00f3s o recesso legislativo, ser\u00e1 preciso concentrar a\u00e7\u00f5es junto ao Parlamento com vistas ao deferimento dos requerimentos de anexa\u00e7\u00e3o das PECs 555\/2006 e 6\/2024 e vota\u00e7\u00e3o ainda nesta legislatura.","_links":{"self":[{"href":"https:\/\/sinprofaz.org.br\/2024\/wp-json\/wp\/v2\/posts\/19929"}],"collection":[{"href":"https:\/\/sinprofaz.org.br\/2024\/wp-json\/wp\/v2\/posts"}],"about":[{"href":"https:\/\/sinprofaz.org.br\/2024\/wp-json\/wp\/v2\/types\/post"}],"author":[{"embeddable":true,"href":"https:\/\/sinprofaz.org.br\/2024\/wp-json\/wp\/v2\/users\/2"}],"replies":[{"embeddable":true,"href":"https:\/\/sinprofaz.org.br\/2024\/wp-json\/wp\/v2\/comments?post=19929"}],"version-history":[{"count":1,"href":"https:\/\/sinprofaz.org.br\/2024\/wp-json\/wp\/v2\/posts\/19929\/revisions"}],"predecessor-version":[{"id":19931,"href":"https:\/\/sinprofaz.org.br\/2024\/wp-json\/wp\/v2\/posts\/19929\/revisions\/19931"}],"wp:featuredmedia":[{"embeddable":true,"href":"https:\/\/sinprofaz.org.br\/2024\/wp-json\/wp\/v2\/media\/19930"}],"wp:attachment":[{"href":"https:\/\/sinprofaz.org.br\/2024\/wp-json\/wp\/v2\/media?parent=19929"}],"wp:term":[{"taxonomy":"category","embeddable":true,"href":"https:\/\/sinprofaz.org.br\/2024\/wp-json\/wp\/v2\/categories?post=19929"},{"taxonomy":"post_tag","embeddable":true,"href":"https:\/\/sinprofaz.org.br\/2024\/wp-json\/wp\/v2\/tags?post=19929"}],"curies":[{"name":"wp","href":"https:\/\/api.w.org\/{rel}","templated":true}]}}