{"id":19919,"date":"2025-07-17T15:28:46","date_gmt":"2025-07-17T18:28:46","guid":{"rendered":"https:\/\/sinprofaz.org.br\/2024\/?p=19919"},"modified":"2025-07-17T15:28:46","modified_gmt":"2025-07-17T18:28:46","slug":"debates-juridicos-marcam-a-semana-da-diretoria-do-sinprofaz","status":"publish","type":"post","link":"https:\/\/sinprofaz.org.br\/2024\/noticias\/debates-juridicos-marcam-a-semana-da-diretoria-do-sinprofaz\/","title":{"rendered":"DEBATES JUR\u00cdDICOS MARCAM A SEMANA DA DIRETORIA DO SINPROFAZ"},"content":{"rendered":"<p>A semana no SINPROFAZ foi marcada por debates jur\u00eddicos a respeito dos processos de interesse da Carreira. Representada por Val\u00e9ria Ferreira, Alexandre Torres, Paulo Roberto Gon\u00e7alves, Rodrigo Mellet, Rafael Oliveira,\u00a0Maria Aparecida Silva e Danielle Pinheiro, a Diretoria do Sindicato se reuniu com as equipes dos escrit\u00f3rios Wagner Advogados Associados, Mendes Plutarco Advocacia e Innocenti Advogados Associados.<\/p>\n<p>Na ocasi\u00e3o dos encontros, a Diretoria pleiteou celeridade para a conclus\u00e3o das a\u00e7\u00f5es que versam sobre direitos dos Colegas &#8211; sejam da ativa, sejam aposentados. Os desafios enfrentados em cada um dos processos judiciais tamb\u00e9m pautaram as discuss\u00f5es entre SINPROFAZ e escrit\u00f3rios.\u00a0Por fim, foram ressaltadas as vit\u00f3rias j\u00e1 obtidas em benef\u00edcio da Carreira e definidas as estrat\u00e9gias de atua\u00e7\u00e3o junto ao Judici\u00e1rio.<\/p>\n<p>Novas reuni\u00f5es jur\u00eddicas j\u00e1 foram agendadas pelos dirigentes sindicais.<\/p>\n\n\t\t<style type=\"text\/css\">\n\t\t\t#gallery-1 {\n\t\t\t\tmargin: auto;\n\t\t\t}\n\t\t\t#gallery-1 .gallery-item {\n\t\t\t\tfloat: left;\n\t\t\t\tmargin-top: 10px;\n\t\t\t\ttext-align: center;\n\t\t\t\twidth: 33%;\n\t\t\t}\n\t\t\t#gallery-1 img {\n\t\t\t\tborder: 2px solid #cfcfcf;\n\t\t\t}\n\t\t\t#gallery-1 .gallery-caption {\n\t\t\t\tmargin-left: 0;\n\t\t\t}\n\t\t\t\/* see gallery_shortcode() in wp-includes\/media.php *\/\n\t\t<\/style>\n\t\t<div id='gallery-1' class='gallery galleryid-19919 gallery-columns-3 gallery-size-thumbnail'><dl class='gallery-item'>\n\t\t\t<dt class='gallery-icon landscape'>\n\t\t\t\t<a href='https:\/\/sinprofaz.org.br\/2024\/wp-content\/uploads\/2025\/07\/2-4.png'><img loading=\"lazy\" decoding=\"async\" width=\"150\" height=\"150\" src=\"https:\/\/sinprofaz.org.br\/2024\/wp-content\/uploads\/2025\/07\/2-4-150x150.png\" class=\"attachment-thumbnail size-thumbnail\" alt=\"\" \/><\/a>\n\t\t\t<\/dt><\/dl><dl class='gallery-item'>\n\t\t\t<dt class='gallery-icon landscape'>\n\t\t\t\t<a href='https:\/\/sinprofaz.org.br\/2024\/wp-content\/uploads\/2025\/07\/3-4.png'><img loading=\"lazy\" decoding=\"async\" width=\"150\" height=\"150\" src=\"https:\/\/sinprofaz.org.br\/2024\/wp-content\/uploads\/2025\/07\/3-4-150x150.png\" class=\"attachment-thumbnail size-thumbnail\" alt=\"\" \/><\/a>\n\t\t\t<\/dt><\/dl><dl class='gallery-item'>\n\t\t\t<dt class='gallery-icon landscape'>\n\t\t\t\t<a href='https:\/\/sinprofaz.org.br\/2024\/wp-content\/uploads\/2025\/07\/4-3.png'><img loading=\"lazy\" decoding=\"async\" width=\"150\" height=\"150\" src=\"https:\/\/sinprofaz.org.br\/2024\/wp-content\/uploads\/2025\/07\/4-3-150x150.png\" class=\"attachment-thumbnail size-thumbnail\" alt=\"\" \/><\/a>\n\t\t\t<\/dt><\/dl><br style=\"clear: both\" \/>\n\t\t<\/div>\n\n","protected":false},"excerpt":{"rendered":"<p>Representada por Val\u00e9ria Ferreira, Alexandre Torres, Paulo Roberto Gon\u00e7alves, Rodrigo Mellet, Rafael Oliveira, Maria Aparecida Silva e Danielle Pinheiro, a Diretoria se reuniu com os escrit\u00f3rios Wagner Advogados Associados, Mendes Plutarco Advocacia e Innocenti Advogados Associados. <\/p>\n","protected":false},"author":2,"featured_media":19920,"comment_status":"open","ping_status":"open","sticky":false,"template":"","format":"standard","meta":{"footnotes":""},"categories":[8],"tags":[27,26,25],"featured_image_url":"https:\/\/sinprofaz.org.br\/2024\/wp-content\/uploads\/2025\/07\/1-6.png","character_count":655,"formatted_date":"17\/07\/2025 - 15:28","contentNovo":"A semana no SINPROFAZ foi marcada por debates jur\u00eddicos a respeito dos processos de interesse da Carreira. Representada por Val\u00e9ria Ferreira, Alexandre Torres, Paulo Roberto Gon\u00e7alves, Rodrigo Mellet, Rafael Oliveira,\u00a0Maria Aparecida Silva e Danielle Pinheiro, a Diretoria do Sindicato se reuniu com as equipes dos escrit\u00f3rios Wagner Advogados Associados, Mendes Plutarco Advocacia e Innocenti Advogados Associados.\r\n\r\nNa ocasi\u00e3o dos encontros, a Diretoria pleiteou celeridade para a conclus\u00e3o das a\u00e7\u00f5es que versam sobre direitos dos Colegas - sejam da ativa, sejam aposentados. Os desafios enfrentados em cada um dos processos judiciais tamb\u00e9m pautaram as discuss\u00f5es entre SINPROFAZ e escrit\u00f3rios.\u00a0Por fim, foram ressaltadas as vit\u00f3rias j\u00e1 obtidas em benef\u00edcio da Carreira e definidas as estrat\u00e9gias de atua\u00e7\u00e3o junto ao Judici\u00e1rio.\r\n\r\nNovas reuni\u00f5es jur\u00eddicas j\u00e1 foram agendadas pelos dirigentes sindicais.\r\n\r\n[gallery link=\"file\" ids=\"19921,19922,19923\"]","_links":{"self":[{"href":"https:\/\/sinprofaz.org.br\/2024\/wp-json\/wp\/v2\/posts\/19919"}],"collection":[{"href":"https:\/\/sinprofaz.org.br\/2024\/wp-json\/wp\/v2\/posts"}],"about":[{"href":"https:\/\/sinprofaz.org.br\/2024\/wp-json\/wp\/v2\/types\/post"}],"author":[{"embeddable":true,"href":"https:\/\/sinprofaz.org.br\/2024\/wp-json\/wp\/v2\/users\/2"}],"replies":[{"embeddable":true,"href":"https:\/\/sinprofaz.org.br\/2024\/wp-json\/wp\/v2\/comments?post=19919"}],"version-history":[{"count":1,"href":"https:\/\/sinprofaz.org.br\/2024\/wp-json\/wp\/v2\/posts\/19919\/revisions"}],"predecessor-version":[{"id":19924,"href":"https:\/\/sinprofaz.org.br\/2024\/wp-json\/wp\/v2\/posts\/19919\/revisions\/19924"}],"wp:featuredmedia":[{"embeddable":true,"href":"https:\/\/sinprofaz.org.br\/2024\/wp-json\/wp\/v2\/media\/19920"}],"wp:attachment":[{"href":"https:\/\/sinprofaz.org.br\/2024\/wp-json\/wp\/v2\/media?parent=19919"}],"wp:term":[{"taxonomy":"category","embeddable":true,"href":"https:\/\/sinprofaz.org.br\/2024\/wp-json\/wp\/v2\/categories?post=19919"},{"taxonomy":"post_tag","embeddable":true,"href":"https:\/\/sinprofaz.org.br\/2024\/wp-json\/wp\/v2\/tags?post=19919"}],"curies":[{"name":"wp","href":"https:\/\/api.w.org\/{rel}","templated":true}]}}