{"id":19916,"date":"2025-07-16T14:30:45","date_gmt":"2025-07-16T17:30:45","guid":{"rendered":"https:\/\/sinprofaz.org.br\/2024\/?p=19916"},"modified":"2025-07-17T14:31:36","modified_gmt":"2025-07-17T17:31:36","slug":"nova-presidencia-se-reune-com-jorge-messias-advogado-geral-da-uniao","status":"publish","type":"post","link":"https:\/\/sinprofaz.org.br\/2024\/noticias\/nova-presidencia-se-reune-com-jorge-messias-advogado-geral-da-uniao\/","title":{"rendered":"NOVA PRESID\u00caNCIA SE RE\u00daNE COM JORGE MESSIAS, ADVOGADO-GERAL DA UNI\u00c3O"},"content":{"rendered":"<p>O SINPROFAZ, representado pela presidente Val\u00e9ria Ferreira, foi recebido hoje (16) pelo advogado-geral da Uni\u00e3o.<\/p>\n<p>O encontro ocorreu na sede 1 da AGU, em Bras\u00edlia\/DF, e foi a primeira reuni\u00e3o entre Jorge Messias e a nova presid\u00eancia do Sindicato.<\/p>\n<p>Membros do corpo diretivo da AGU tamb\u00e9m estiveram presentes, assim como dirigentes associativos representantes de outras entidades da Advocacia P\u00fablica Federal.<\/p>\n","protected":false},"excerpt":{"rendered":"<p>O SINPROFAZ, representado por Val\u00e9ria Ferreira, foi recebido pelo advogado-geral da Uni\u00e3o na primeira reuni\u00e3o entre Jorge Messias e a nova presid\u00eancia do Sindicato. Membros do corpo diretivo da AGU estiveram presentes, assim como dirigentes de outras entidades da Advocacia P\u00fablica.<\/p>\n","protected":false},"author":2,"featured_media":19917,"comment_status":"open","ping_status":"open","sticky":false,"template":"","format":"standard","meta":{"footnotes":""},"categories":[8],"tags":[43,23,25],"featured_image_url":"https:\/\/sinprofaz.org.br\/2024\/wp-content\/uploads\/2025\/07\/1-5.png","character_count":207,"formatted_date":"16\/07\/2025 - 14:30","contentNovo":"O SINPROFAZ, representado pela presidente Val\u00e9ria Ferreira, foi recebido hoje (16) pelo advogado-geral da Uni\u00e3o.\r\n\r\nO encontro ocorreu na sede 1 da AGU, em Bras\u00edlia\/DF, e foi a primeira reuni\u00e3o entre Jorge Messias e a nova presid\u00eancia do Sindicato.\r\n\r\nMembros do corpo diretivo da AGU tamb\u00e9m estiveram presentes, assim como dirigentes associativos representantes de outras entidades da Advocacia P\u00fablica Federal.","_links":{"self":[{"href":"https:\/\/sinprofaz.org.br\/2024\/wp-json\/wp\/v2\/posts\/19916"}],"collection":[{"href":"https:\/\/sinprofaz.org.br\/2024\/wp-json\/wp\/v2\/posts"}],"about":[{"href":"https:\/\/sinprofaz.org.br\/2024\/wp-json\/wp\/v2\/types\/post"}],"author":[{"embeddable":true,"href":"https:\/\/sinprofaz.org.br\/2024\/wp-json\/wp\/v2\/users\/2"}],"replies":[{"embeddable":true,"href":"https:\/\/sinprofaz.org.br\/2024\/wp-json\/wp\/v2\/comments?post=19916"}],"version-history":[{"count":1,"href":"https:\/\/sinprofaz.org.br\/2024\/wp-json\/wp\/v2\/posts\/19916\/revisions"}],"predecessor-version":[{"id":19918,"href":"https:\/\/sinprofaz.org.br\/2024\/wp-json\/wp\/v2\/posts\/19916\/revisions\/19918"}],"wp:featuredmedia":[{"embeddable":true,"href":"https:\/\/sinprofaz.org.br\/2024\/wp-json\/wp\/v2\/media\/19917"}],"wp:attachment":[{"href":"https:\/\/sinprofaz.org.br\/2024\/wp-json\/wp\/v2\/media?parent=19916"}],"wp:term":[{"taxonomy":"category","embeddable":true,"href":"https:\/\/sinprofaz.org.br\/2024\/wp-json\/wp\/v2\/categories?post=19916"},{"taxonomy":"post_tag","embeddable":true,"href":"https:\/\/sinprofaz.org.br\/2024\/wp-json\/wp\/v2\/tags?post=19916"}],"curies":[{"name":"wp","href":"https:\/\/api.w.org\/{rel}","templated":true}]}}