{"id":1990,"date":"2014-11-07T12:41:34","date_gmt":"2014-11-07T12:41:34","guid":{"rendered":""},"modified":"-0001-11-30T00:00:00","modified_gmt":"-0001-11-30T03:00:00","slug":"sao-paulo-dia-nacional-de-paralisacao-da-advocacia-publica-federal","status":"publish","type":"post","link":"https:\/\/sinprofaz.org.br\/2024\/noticias\/sao-paulo-dia-nacional-de-paralisacao-da-advocacia-publica-federal\/","title":{"rendered":"S\u00e3o Paulo: Dia Nacional de Paralisa\u00e7\u00e3o da Advocacia P\u00fablica Federal"},"content":{"rendered":"<p><img loading=\"lazy\" decoding=\"async\" style=\"margin-right: 10px; margin-bottom: 5px; float: left;\" alt=\"foto01\" src=\"images\/noticias\/sao-paulo-dia-nacional-paralisacao-advocacia-publica\/foto01.jpg\" height=\"120\" width=\"200\" \/>Mais de 100 advogados p\u00fablicos federais, integrantes de todas as carreiras da AGU, se concentraram no p\u00e1tio do TRF da 3\u00aa Regi\u00e3o, localizado na Avenida Paulista.<\/p>\n<p>Os l\u00edderes do movimento se manifestaram com muito engajamento, ressaltando e enaltecendo a import\u00e2ncia da uni\u00e3o, da constante mobiliza\u00e7\u00e3o e do concreto empenho de todos os advogados p\u00fablicos federais para a aprova\u00e7\u00e3o da PEC 82\/2007 e para o \u00eaxito de diversos pleitos.<\/p>\n<p>Os principais pleitos da Advocacia P\u00fablica Federal convergem para a valoriza\u00e7\u00e3o dos membros da AGU como advogados de Estado e n\u00e3o de governo, a autonomia financeira, a independ\u00eancia funcional, al\u00e9m de melhorias nas condi\u00e7\u00f5es de trabalho.<\/p>\n<div style=\"text-align: center;\">\n<p><img loading=\"lazy\" decoding=\"async\" style=\"margin-right: 5px;\" alt=\"foto02\" src=\"images\/noticias\/sao-paulo-dia-nacional-paralisacao-advocacia-publica\/foto02.jpg\" height=\"150\" width=\"200\" \/><img loading=\"lazy\" decoding=\"async\" style=\"margin-right: 5px;\" alt=\"foto03\" src=\"images\/noticias\/sao-paulo-dia-nacional-paralisacao-advocacia-publica\/foto03.jpg\" height=\"150\" width=\"200\" \/><\/p>\n<p><img loading=\"lazy\" decoding=\"async\" style=\"margin-right: 5px;\" alt=\"foto04\" src=\"images\/noticias\/sao-paulo-dia-nacional-paralisacao-advocacia-publica\/foto04.jpg\" height=\"150\" width=\"200\" \/><img loading=\"lazy\" decoding=\"async\" alt=\"foto05\" src=\"images\/noticias\/sao-paulo-dia-nacional-paralisacao-advocacia-publica\/foto05.jpg\" height=\"150\" width=\"250\" \/><\/p>\n<\/div>\n","protected":false},"excerpt":{"rendered":"<p>Mais de 100 advogados p\u00fablicos federais, integrantes de todas as carreiras da AGU, se concentraram no p\u00e1tio do TRF da 3\u00aa Regi\u00e3o, localizado na Avenida Paulista.<\/p>\n","protected":false},"author":1,"featured_media":0,"comment_status":"closed","ping_status":"open","sticky":false,"template":"","format":"standard","meta":{"footnotes":""},"categories":[8],"tags":[],"featured_image_url":"https:\/\/dummyimage.com\/720x400","character_count":346,"formatted_date":"07\/11\/2014 - 12:41","contentNovo":"\r\n<p>Mais de 100 advogados p\u00fablicos federais, integrantes de todas as carreiras da AGU, se concentraram no p\u00e1tio do TRF da 3\u00aa Regi\u00e3o, localizado na Avenida Paulista.<\/p>\r\n<p>Os l\u00edderes do movimento se manifestaram com muito engajamento, ressaltando e enaltecendo a import\u00e2ncia da uni\u00e3o, da constante mobiliza\u00e7\u00e3o e do concreto empenho de todos os advogados p\u00fablicos federais para a aprova\u00e7\u00e3o da PEC 82\/2007 e para o \u00eaxito de diversos pleitos.<\/p>\r\n<p>Os principais pleitos da Advocacia P\u00fablica Federal convergem para a valoriza\u00e7\u00e3o dos membros da AGU como advogados de Estado e n\u00e3o de governo, a autonomia financeira, a independ\u00eancia funcional, al\u00e9m de melhorias nas condi\u00e7\u00f5es de trabalho.<\/p>\r\n\r\n<p><\/p>\r\n<p><\/p>\r\n","_links":{"self":[{"href":"https:\/\/sinprofaz.org.br\/2024\/wp-json\/wp\/v2\/posts\/1990"}],"collection":[{"href":"https:\/\/sinprofaz.org.br\/2024\/wp-json\/wp\/v2\/posts"}],"about":[{"href":"https:\/\/sinprofaz.org.br\/2024\/wp-json\/wp\/v2\/types\/post"}],"author":[{"embeddable":true,"href":"https:\/\/sinprofaz.org.br\/2024\/wp-json\/wp\/v2\/users\/1"}],"replies":[{"embeddable":true,"href":"https:\/\/sinprofaz.org.br\/2024\/wp-json\/wp\/v2\/comments?post=1990"}],"version-history":[{"count":0,"href":"https:\/\/sinprofaz.org.br\/2024\/wp-json\/wp\/v2\/posts\/1990\/revisions"}],"wp:attachment":[{"href":"https:\/\/sinprofaz.org.br\/2024\/wp-json\/wp\/v2\/media?parent=1990"}],"wp:term":[{"taxonomy":"category","embeddable":true,"href":"https:\/\/sinprofaz.org.br\/2024\/wp-json\/wp\/v2\/categories?post=1990"},{"taxonomy":"post_tag","embeddable":true,"href":"https:\/\/sinprofaz.org.br\/2024\/wp-json\/wp\/v2\/tags?post=1990"}],"curies":[{"name":"wp","href":"https:\/\/api.w.org\/{rel}","templated":true}]}}