{"id":199,"date":"2011-04-20T13:08:34","date_gmt":"2011-04-20T13:08:34","guid":{"rendered":""},"modified":"2016-03-31T15:01:57","modified_gmt":"2016-03-31T15:01:57","slug":"campanha-salarial-forum-nacional-da-advocacia-publica-federal-concentra-negociacoes","status":"publish","type":"post","link":"https:\/\/sinprofaz.org.br\/2024\/noticias\/campanha-salarial-forum-nacional-da-advocacia-publica-federal-concentra-negociacoes\/","title":{"rendered":"Campanha Salarial &#8211; Forum Nacional da Advocacia P\u00fablica Federal concentra negocia\u00e7\u00f5es"},"content":{"rendered":"<p>Ao adotar a estrat\u00e9gia de atua\u00e7\u00e3o conjunta, os dirigentes das carreiras d\u00e3o continuidade a um processo iniciado ainda na gest\u00e3o do ex-presidente da Rep\u00fablica Luiz In\u00e1cio Lula da Silva.<\/p>\n<p>&nbsp;<\/p>\n<p><b>Hist\u00f3rico de atividades<\/b><\/p>\n<p>Durante a campanha eleitoral, o Forum, com participa\u00e7\u00e3o do presidente do SINPROFAZ se reuniu com integrantes das equipes dos candidatos \u00e0 Presid\u00eancia da Rep\u00fablica Jos\u00e9 Serra e Dilma Rousseff, para encaminhar e relatar as reivindica\u00e7\u00f5es das carreiras. A iniciativa foi destaque na edi\u00e7\u00e3o n\u00famero 6, da Revista Justi\u00e7a Fiscal, com a seguinte manchete de capa: \u201cEla j\u00e1 sabe o que queremos\u201d, em refer\u00eancia a encontro com a candidata Dilma.<\/p>\n<p>Logo ap\u00f3s a posse da presidente Dilma e dos novos deputados e senadores, o SINPROFAZ e o Forum Nacional estabeleceram uma agenda parlamentar e ministerial em que foram abordados diversos temas de interesse da Carreira, entre os quais as PECs 443\/09 e 452\/09, honor\u00e1rios advocat\u00edcios e reajuste salarial, visando levar a cabo o papel que o Constituinte reservou \u00e0 Advocacia P\u00fablica Federal de Fun\u00e7\u00e3o Essencial \u00e0 Justi\u00e7a e simetria com as demais Carreiras (Magistratura e MP).<\/p>\n<p>Assim, nesse in\u00edcio de ano, e diante do cen\u00e1rio pol\u00edtico atual, com a Ajufe adotando \u201ct\u00e1tica\u201d de confronto contra tudo e todos, o SINPROFAZ e o Forum Nacional se reuniram com diversos deputados, senadores e ministros para articular a campanha referente \u00e0s PECs e tamb\u00e9m alertar sobre a necessidade de recomposi\u00e7\u00e3o salarial.<\/p>\n<p><b>Audi\u00eancias<\/b><\/p>\n<p>Nessa quadra, vale registrar alguns atos como a reuni\u00e3o ocorrida na tarde desta segunda-feira, 18 de abril, no Minist\u00e9rio do Planejamento, Or\u00e7amento e Gest\u00e3o (MPOG). O Forum Nacional foi representado pelo presidente Jo\u00e3o Carlos Souto. Na audi\u00eancia com o secret\u00e1rio de Recursos Humanos, Duvanier Paiva, tamb\u00e9m havia representantes de outras carreiras da Uni\u00e3o, incluindo Legislativo, Judici\u00e1rio e Minist\u00e9rio P\u00fablico.<\/p>\n<p>No encontro de ontem, o governo federal recebeu a lista de reivindica\u00e7\u00f5es das categorias e registrou que realizar\u00e1, a partir de 03 de maio de 2011, uma s\u00e9rie de reuni\u00f5es conjuntas e separadas, por carreiras.<\/p>\n<p>A reuni\u00e3o com integrantes do Forum Nacional da Advocacia P\u00fablica Federal dever\u00e1 ocorrer no dia 18 ou 19 de maio de 2011.<\/p>\n<p>Outras reuni\u00f5es e conversas recentes merecem destaque, entre as quais, com o vice-presidente da Rep\u00fablica, Michel Temer, o Subchefe de An\u00e1lise e Acompanhamento de Pol\u00edticas do Governo, Dr. Luiz Alberto dos Santos, o presidente da C\u00e2mara Federal, deputado Marco Maia, o ministro da Justi\u00e7a, Jos\u00e9 Eduardo Cardozo, a senadora Ana Rita, o senador Randolfe Rodrigues, o deputado Paulo Rubem Santiago, o deputado Jos\u00e9 Bonif\u00e1cio, entre outros. Ou seja, s\u00e3o permanentes as articula\u00e7\u00f5es junto aos titulares de \u00f3rg\u00e3os como Casa Civil, AGU e MPOG.<\/p>\n<p><b>Visibilidade<\/b><\/p>\n<p>Um importante evento promovido pelo Forum Nacional na C\u00e2mara dos Deputados tamb\u00e9m contribuiu para ampliar a rede de contatos com parlamentares. Trata-se da mostra \u201cValores da Advocacia P\u00fablica\u201d, realizada em duas etapas. Em fevereiro, a exposi\u00e7\u00e3o foi instalada no corredor de acesso ao plen\u00e1rio da C\u00e2mara. Em mar\u00e7o, teve lugar no Espa\u00e7o M\u00e1rio Covas, no Anexo II da Casa.<\/p>\n<p>Em todas essas ocasi\u00f5es, diretores e delegados do Sindicato, Procuradores da Fazenda lotados no Distrito Federal e outras unidades da Federa\u00e7\u00e3o, al\u00e9m do Forum Nacional, v\u00eam ressaltando a import\u00e2ncia, necessidade e conveni\u00eancia de reequil\u00edbrio entre os Poderes com conseq\u00fcente simetria remunerat\u00f3ria entre os membros da Advocacia P\u00fablica Federal, da Magistratura e do Minist\u00e9rio P\u00fablico, todos com status constitucional de Fun\u00e7\u00e3o Essencial \u00e0 Justi\u00e7a.<\/p>\n<p>Ainda na linha de consolidar os contatos com o Legislativo e Executivo, a diretoria do SINPROFAZ decidiu investir na capacita\u00e7\u00e3o dos filiados para aperfei\u00e7oamento da atua\u00e7\u00e3o parlamentar dos Procuradores da Fazenda, com oferecimento de um curso sobre processo legislativo e decis\u00f3rio. As inscri\u00e7\u00f5es para o curso j\u00e1 est\u00e3o abertas. As aulas ser\u00e3o ministradas em sete capitais brasileiras at\u00e9 o final de junho de 2011. Os PFNs interessados devem enviar mensagem para o endere\u00e7o <a href=\"mailto:capacitacao@sinprofaz.org.br\">capacitacao@sinprofaz.org.br<\/a> informando nome completo, unidade de lota\u00e7\u00e3o e telefones para contato.<\/p>\n","protected":false},"excerpt":{"rendered":"<p>O SINPROFAZ informa aos filiados que as negocia\u00e7\u00f5es referentes ao reajuste salarial est\u00e3o em andamento e concentram-se no Forum Nacional da Advocacia P\u00fablica Federal, com participa\u00e7\u00e3o direta da nossa entidade sindical.<\/p>\n","protected":false},"author":1,"featured_media":4266,"comment_status":"closed","ping_status":"open","sticky":false,"template":"","format":"standard","meta":{"footnotes":""},"categories":[8],"tags":[],"featured_image_url":"https:\/\/sinprofaz.org.br\/2024\/wp-content\/uploads\/2011\/04\/016.jpg","character_count":2140,"formatted_date":"20\/04\/2011 - 13:08","contentNovo":"Ao adotar a estrat\u00e9gia de atua\u00e7\u00e3o conjunta, os dirigentes das carreiras d\u00e3o continuidade a um processo iniciado ainda na gest\u00e3o do ex-presidente da Rep\u00fablica Luiz In\u00e1cio Lula da Silva.\r\n\r\n&nbsp;\r\n\r\nHist\u00f3rico de atividades\r\n\r\nDurante a campanha eleitoral, o Forum, com participa\u00e7\u00e3o do presidente do SINPROFAZ se reuniu com integrantes das equipes dos candidatos \u00e0 Presid\u00eancia da Rep\u00fablica Jos\u00e9 Serra e Dilma Rousseff, para encaminhar e relatar as reivindica\u00e7\u00f5es das carreiras. A iniciativa foi destaque na edi\u00e7\u00e3o n\u00famero 6, da Revista Justi\u00e7a Fiscal, com a seguinte manchete de capa: \u201cEla j\u00e1 sabe o que queremos\u201d, em refer\u00eancia a encontro com a candidata Dilma.\r\n\r\nLogo ap\u00f3s a posse da presidente Dilma e dos novos deputados e senadores, o SINPROFAZ e o Forum Nacional estabeleceram uma agenda parlamentar e ministerial em que foram abordados diversos temas de interesse da Carreira, entre os quais as PECs 443\/09 e 452\/09, honor\u00e1rios advocat\u00edcios e reajuste salarial, visando levar a cabo o papel que o Constituinte reservou \u00e0 Advocacia P\u00fablica Federal de Fun\u00e7\u00e3o Essencial \u00e0 Justi\u00e7a e simetria com as demais Carreiras (Magistratura e MP).\r\n\r\nAssim, nesse in\u00edcio de ano, e diante do cen\u00e1rio pol\u00edtico atual, com a Ajufe adotando \u201ct\u00e1tica\u201d de confronto contra tudo e todos, o SINPROFAZ e o Forum Nacional se reuniram com diversos deputados, senadores e ministros para articular a campanha referente \u00e0s PECs e tamb\u00e9m alertar sobre a necessidade de recomposi\u00e7\u00e3o salarial.\r\n\r\nAudi\u00eancias\r\n\r\nNessa quadra, vale registrar alguns atos como a reuni\u00e3o ocorrida na tarde desta segunda-feira, 18 de abril, no Minist\u00e9rio do Planejamento, Or\u00e7amento e Gest\u00e3o (MPOG). O Forum Nacional foi representado pelo presidente Jo\u00e3o Carlos Souto. Na audi\u00eancia com o secret\u00e1rio de Recursos Humanos, Duvanier Paiva, tamb\u00e9m havia representantes de outras carreiras da Uni\u00e3o, incluindo Legislativo, Judici\u00e1rio e Minist\u00e9rio P\u00fablico.\r\n\r\nNo encontro de ontem, o governo federal recebeu a lista de reivindica\u00e7\u00f5es das categorias e registrou que realizar\u00e1, a partir de 03 de maio de 2011, uma s\u00e9rie de reuni\u00f5es conjuntas e separadas, por carreiras.\r\n\r\nA reuni\u00e3o com integrantes do Forum Nacional da Advocacia P\u00fablica Federal dever\u00e1 ocorrer no dia 18 ou 19 de maio de 2011.\r\n\r\nOutras reuni\u00f5es e conversas recentes merecem destaque, entre as quais, com o vice-presidente da Rep\u00fablica, Michel Temer, o Subchefe de An\u00e1lise e Acompanhamento de Pol\u00edticas do Governo, Dr. Luiz Alberto dos Santos, o presidente da C\u00e2mara Federal, deputado Marco Maia, o ministro da Justi\u00e7a, Jos\u00e9 Eduardo Cardozo, a senadora Ana Rita, o senador Randolfe Rodrigues, o deputado Paulo Rubem Santiago, o deputado Jos\u00e9 Bonif\u00e1cio, entre outros. Ou seja, s\u00e3o permanentes as articula\u00e7\u00f5es junto aos titulares de \u00f3rg\u00e3os como Casa Civil, AGU e MPOG.\r\n\r\nVisibilidade\r\n\r\nUm importante evento promovido pelo Forum Nacional na C\u00e2mara dos Deputados tamb\u00e9m contribuiu para ampliar a rede de contatos com parlamentares. Trata-se da mostra \u201cValores da Advocacia P\u00fablica\u201d, realizada em duas etapas. Em fevereiro, a exposi\u00e7\u00e3o foi instalada no corredor de acesso ao plen\u00e1rio da C\u00e2mara. Em mar\u00e7o, teve lugar no Espa\u00e7o M\u00e1rio Covas, no Anexo II da Casa.\r\n\r\nEm todas essas ocasi\u00f5es, diretores e delegados do Sindicato, Procuradores da Fazenda lotados no Distrito Federal e outras unidades da Federa\u00e7\u00e3o, al\u00e9m do Forum Nacional, v\u00eam ressaltando a import\u00e2ncia, necessidade e conveni\u00eancia de reequil\u00edbrio entre os Poderes com conseq\u00fcente simetria remunerat\u00f3ria entre os membros da Advocacia P\u00fablica Federal, da Magistratura e do Minist\u00e9rio P\u00fablico, todos com status constitucional de Fun\u00e7\u00e3o Essencial \u00e0 Justi\u00e7a.\r\n\r\nAinda na linha de consolidar os contatos com o Legislativo e Executivo, a diretoria do SINPROFAZ decidiu investir na capacita\u00e7\u00e3o dos filiados para aperfei\u00e7oamento da atua\u00e7\u00e3o parlamentar dos Procuradores da Fazenda, com oferecimento de um curso sobre processo legislativo e decis\u00f3rio. As inscri\u00e7\u00f5es para o curso j\u00e1 est\u00e3o abertas. As aulas ser\u00e3o ministradas em sete capitais brasileiras at\u00e9 o final de junho de 2011. Os PFNs interessados devem enviar mensagem para o endere\u00e7o <a href=\"mailto:capacitacao@sinprofaz.org.br\">capacitacao@sinprofaz.org.br<\/a> informando nome completo, unidade de lota\u00e7\u00e3o e telefones para contato.","_links":{"self":[{"href":"https:\/\/sinprofaz.org.br\/2024\/wp-json\/wp\/v2\/posts\/199"}],"collection":[{"href":"https:\/\/sinprofaz.org.br\/2024\/wp-json\/wp\/v2\/posts"}],"about":[{"href":"https:\/\/sinprofaz.org.br\/2024\/wp-json\/wp\/v2\/types\/post"}],"author":[{"embeddable":true,"href":"https:\/\/sinprofaz.org.br\/2024\/wp-json\/wp\/v2\/users\/1"}],"replies":[{"embeddable":true,"href":"https:\/\/sinprofaz.org.br\/2024\/wp-json\/wp\/v2\/comments?post=199"}],"version-history":[{"count":1,"href":"https:\/\/sinprofaz.org.br\/2024\/wp-json\/wp\/v2\/posts\/199\/revisions"}],"predecessor-version":[{"id":4267,"href":"https:\/\/sinprofaz.org.br\/2024\/wp-json\/wp\/v2\/posts\/199\/revisions\/4267"}],"wp:featuredmedia":[{"embeddable":true,"href":"https:\/\/sinprofaz.org.br\/2024\/wp-json\/wp\/v2\/media\/4266"}],"wp:attachment":[{"href":"https:\/\/sinprofaz.org.br\/2024\/wp-json\/wp\/v2\/media?parent=199"}],"wp:term":[{"taxonomy":"category","embeddable":true,"href":"https:\/\/sinprofaz.org.br\/2024\/wp-json\/wp\/v2\/categories?post=199"},{"taxonomy":"post_tag","embeddable":true,"href":"https:\/\/sinprofaz.org.br\/2024\/wp-json\/wp\/v2\/tags?post=199"}],"curies":[{"name":"wp","href":"https:\/\/api.w.org\/{rel}","templated":true}]}}