{"id":19898,"date":"2025-07-04T08:27:23","date_gmt":"2025-07-04T11:27:23","guid":{"rendered":"https:\/\/sinprofaz.org.br\/2024\/?p=19898"},"modified":"2025-07-04T08:27:23","modified_gmt":"2025-07-04T11:27:23","slug":"ccha-e-entidades-se-reunem-na-sede-do-conselho-em-brasilia","status":"publish","type":"post","link":"https:\/\/sinprofaz.org.br\/2024\/noticias\/ccha-e-entidades-se-reunem-na-sede-do-conselho-em-brasilia\/","title":{"rendered":"CCHA E ENTIDADES SE RE\u00daNEM NA SEDE DO CONSELHO EM BRAS\u00cdLIA"},"content":{"rendered":"<p>A presidente Val\u00e9ria Ferreira, o vice-presidente, Alexandre Torres, e os diretores Rodrigo Mellet,\u00a0Paulo Roberto Gon\u00e7alves e Ricardo Zacharias representaram o SINPROFAZ em reuni\u00e3o na tarde da quarta-feira (2) entre as entidades representativas e os conselheiros do CCHA. O encontro\u00a0ocorreu na sede do Conselho, em Bras\u00edlia\/DF.<\/p>\n<p>Assuntos de interesse dos Membros\u00a0da ativa e aposentados foram discutidos pelos presentes. Na ocasi\u00e3o, o SINPROFAZ apresentou requerimentos alinhados \u00e0s expectativas das procuradoras e dos procuradores da Fazenda Nacional. De modo geral, os pleitos do Sindicato e das demais entidades versaram sobre a concretiza\u00e7\u00e3o de direitos dos\u00a0Membros e sobre a aten\u00e7\u00e3o especial aos aposentados da AGU.<\/p>\n<p>Cientes das prioridades dos Colegas, os conselheiros receberam todas as solicita\u00e7\u00f5es e sugest\u00f5es apresentadas. Em tempo, abordaram a viabilidade de alguns dos pedidos feitos pelos dirigentes sindicais e associativos.<\/p>\n<p>&nbsp;<\/p>\n\n\t\t<style type=\"text\/css\">\n\t\t\t#gallery-1 {\n\t\t\t\tmargin: auto;\n\t\t\t}\n\t\t\t#gallery-1 .gallery-item {\n\t\t\t\tfloat: left;\n\t\t\t\tmargin-top: 10px;\n\t\t\t\ttext-align: center;\n\t\t\t\twidth: 33%;\n\t\t\t}\n\t\t\t#gallery-1 img {\n\t\t\t\tborder: 2px solid #cfcfcf;\n\t\t\t}\n\t\t\t#gallery-1 .gallery-caption {\n\t\t\t\tmargin-left: 0;\n\t\t\t}\n\t\t\t\/* see gallery_shortcode() in wp-includes\/media.php *\/\n\t\t<\/style>\n\t\t<div id='gallery-1' class='gallery galleryid-19898 gallery-columns-3 gallery-size-thumbnail'><dl class='gallery-item'>\n\t\t\t<dt class='gallery-icon landscape'>\n\t\t\t\t<a href='https:\/\/sinprofaz.org.br\/2024\/wp-content\/uploads\/2025\/07\/2-3.png'><img loading=\"lazy\" decoding=\"async\" width=\"150\" height=\"150\" src=\"https:\/\/sinprofaz.org.br\/2024\/wp-content\/uploads\/2025\/07\/2-3-150x150.png\" class=\"attachment-thumbnail size-thumbnail\" alt=\"\" \/><\/a>\n\t\t\t<\/dt><\/dl><dl class='gallery-item'>\n\t\t\t<dt class='gallery-icon landscape'>\n\t\t\t\t<a href='https:\/\/sinprofaz.org.br\/2024\/wp-content\/uploads\/2025\/07\/3-3.png'><img loading=\"lazy\" decoding=\"async\" width=\"150\" height=\"150\" src=\"https:\/\/sinprofaz.org.br\/2024\/wp-content\/uploads\/2025\/07\/3-3-150x150.png\" class=\"attachment-thumbnail size-thumbnail\" alt=\"\" \/><\/a>\n\t\t\t<\/dt><\/dl><dl class='gallery-item'>\n\t\t\t<dt class='gallery-icon landscape'>\n\t\t\t\t<a href='https:\/\/sinprofaz.org.br\/2024\/wp-content\/uploads\/2025\/07\/4-2.png'><img loading=\"lazy\" decoding=\"async\" width=\"150\" height=\"150\" src=\"https:\/\/sinprofaz.org.br\/2024\/wp-content\/uploads\/2025\/07\/4-2-150x150.png\" class=\"attachment-thumbnail size-thumbnail\" alt=\"\" \/><\/a>\n\t\t\t<\/dt><\/dl><br style=\"clear: both\" \/><dl class='gallery-item'>\n\t\t\t<dt class='gallery-icon landscape'>\n\t\t\t\t<a href='https:\/\/sinprofaz.org.br\/2024\/wp-content\/uploads\/2025\/07\/5-2.png'><img loading=\"lazy\" decoding=\"async\" width=\"150\" height=\"150\" src=\"https:\/\/sinprofaz.org.br\/2024\/wp-content\/uploads\/2025\/07\/5-2-150x150.png\" class=\"attachment-thumbnail size-thumbnail\" alt=\"\" \/><\/a>\n\t\t\t<\/dt><\/dl>\n\t\t\t<br style='clear: both' \/>\n\t\t<\/div>\n\n","protected":false},"excerpt":{"rendered":"<p>A presidente Val\u00e9ria Ferreira, o vice-presidente, Alexandre Torres, e os diretores Rodrigo Mellet, Paulo Roberto Gon\u00e7alves e Ricardo Zacharias representaram o SINPROFAZ em reuni\u00e3o na tarde da quarta-feira (2) entre as entidades representativas e os conselheiros do CCHA.<\/p>\n","protected":false},"author":2,"featured_media":19899,"comment_status":"open","ping_status":"open","sticky":false,"template":"","format":"standard","meta":{"footnotes":""},"categories":[8],"tags":[71,23,25],"featured_image_url":"https:\/\/sinprofaz.org.br\/2024\/wp-content\/uploads\/2025\/07\/1-3.png","character_count":677,"formatted_date":"04\/07\/2025 - 08:27","contentNovo":"A presidente Val\u00e9ria Ferreira, o vice-presidente, Alexandre Torres, e os diretores Rodrigo Mellet,\u00a0Paulo Roberto Gon\u00e7alves e Ricardo Zacharias representaram o SINPROFAZ em reuni\u00e3o na tarde da quarta-feira (2) entre as entidades representativas e os conselheiros do CCHA. O encontro\u00a0ocorreu na sede do Conselho, em Bras\u00edlia\/DF.\r\n\r\nAssuntos de interesse dos Membros\u00a0da ativa e aposentados foram discutidos pelos presentes. Na ocasi\u00e3o, o SINPROFAZ apresentou requerimentos alinhados \u00e0s expectativas das procuradoras e dos procuradores da Fazenda Nacional. De modo geral, os pleitos do Sindicato e das demais entidades versaram sobre a concretiza\u00e7\u00e3o de direitos dos\u00a0Membros e sobre a aten\u00e7\u00e3o especial aos aposentados da AGU.\r\n\r\nCientes das prioridades dos Colegas, os conselheiros receberam todas as solicita\u00e7\u00f5es e sugest\u00f5es apresentadas. Em tempo, abordaram a viabilidade de alguns dos pedidos feitos pelos dirigentes sindicais e associativos.\r\n\r\n&nbsp;\r\n\r\n[gallery link=\"file\" ids=\"19900,19901,19902,19903\"]","_links":{"self":[{"href":"https:\/\/sinprofaz.org.br\/2024\/wp-json\/wp\/v2\/posts\/19898"}],"collection":[{"href":"https:\/\/sinprofaz.org.br\/2024\/wp-json\/wp\/v2\/posts"}],"about":[{"href":"https:\/\/sinprofaz.org.br\/2024\/wp-json\/wp\/v2\/types\/post"}],"author":[{"embeddable":true,"href":"https:\/\/sinprofaz.org.br\/2024\/wp-json\/wp\/v2\/users\/2"}],"replies":[{"embeddable":true,"href":"https:\/\/sinprofaz.org.br\/2024\/wp-json\/wp\/v2\/comments?post=19898"}],"version-history":[{"count":1,"href":"https:\/\/sinprofaz.org.br\/2024\/wp-json\/wp\/v2\/posts\/19898\/revisions"}],"predecessor-version":[{"id":19904,"href":"https:\/\/sinprofaz.org.br\/2024\/wp-json\/wp\/v2\/posts\/19898\/revisions\/19904"}],"wp:featuredmedia":[{"embeddable":true,"href":"https:\/\/sinprofaz.org.br\/2024\/wp-json\/wp\/v2\/media\/19899"}],"wp:attachment":[{"href":"https:\/\/sinprofaz.org.br\/2024\/wp-json\/wp\/v2\/media?parent=19898"}],"wp:term":[{"taxonomy":"category","embeddable":true,"href":"https:\/\/sinprofaz.org.br\/2024\/wp-json\/wp\/v2\/categories?post=19898"},{"taxonomy":"post_tag","embeddable":true,"href":"https:\/\/sinprofaz.org.br\/2024\/wp-json\/wp\/v2\/tags?post=19898"}],"curies":[{"name":"wp","href":"https:\/\/api.w.org\/{rel}","templated":true}]}}