{"id":19889,"date":"2025-07-03T16:30:42","date_gmt":"2025-07-03T19:30:42","guid":{"rendered":"https:\/\/sinprofaz.org.br\/2024\/?p=19889"},"modified":"2025-07-03T16:30:42","modified_gmt":"2025-07-03T19:30:42","slug":"empossada-a-nova-diretoria-do-forum-nacional-da-advocacia-publica-federal","status":"publish","type":"post","link":"https:\/\/sinprofaz.org.br\/2024\/noticias\/empossada-a-nova-diretoria-do-forum-nacional-da-advocacia-publica-federal\/","title":{"rendered":"EMPOSSADA A NOVA DIRETORIA DO F\u00d3RUM NACIONAL DA ADVOCACIA P\u00daBLICA FEDERAL"},"content":{"rendered":"<p>Foi empossada na quarta-feira (2) a Diretoria 2025-2026 do F\u00f3rum Nacional da Advocacia P\u00fablica Federal. Nessa nova gest\u00e3o, o SINPROFAZ segue na Vice-Presid\u00eancia da entidade:<\/p>\n<p>Presidente &#8211; Maria Sant\u00edssima Marques (ANPPREV)<br \/>\nVice-Presidente &#8211; Val\u00e9ria Ferreira (SINPROFAZ)<br \/>\nSecret\u00e1rio-Geral &#8211; Niomar Nogueira (ANAUNI)<br \/>\nDiretor-Tesoureiro &#8211; Jarbas dos Reis (ANAJUR)<\/p>\n<p>Na oportunidade da posse, foi realizada tamb\u00e9m\u00a0a primeira reuni\u00e3o da nova Diretoria, em que as entidades que comp\u00f5em o FORVM debateram pautas priorit\u00e1rias, a exemplo da defesa de prerrogativas das carreiras da Advocacia-Geral da Uni\u00e3o.<\/p>\n<p>Os novos dirigentes do FORVM assumem com a miss\u00e3o de dar continuidade \u00e0 luta em prol dos Membros da AGU. Juntos, os empossados seguir\u00e3o atuando em benef\u00edcio do fortalecimento da entidade, das carreiras e da Advocacia-Geral da Uni\u00e3o como um todo.<\/p>\n\n\t\t<style type=\"text\/css\">\n\t\t\t#gallery-1 {\n\t\t\t\tmargin: auto;\n\t\t\t}\n\t\t\t#gallery-1 .gallery-item {\n\t\t\t\tfloat: left;\n\t\t\t\tmargin-top: 10px;\n\t\t\t\ttext-align: center;\n\t\t\t\twidth: 33%;\n\t\t\t}\n\t\t\t#gallery-1 img {\n\t\t\t\tborder: 2px solid #cfcfcf;\n\t\t\t}\n\t\t\t#gallery-1 .gallery-caption {\n\t\t\t\tmargin-left: 0;\n\t\t\t}\n\t\t\t\/* see gallery_shortcode() in wp-includes\/media.php *\/\n\t\t<\/style>\n\t\t<div id='gallery-1' class='gallery galleryid-19889 gallery-columns-3 gallery-size-thumbnail'><dl class='gallery-item'>\n\t\t\t<dt class='gallery-icon landscape'>\n\t\t\t\t<a href='https:\/\/sinprofaz.org.br\/2024\/wp-content\/uploads\/2025\/07\/2-2.png'><img loading=\"lazy\" decoding=\"async\" width=\"150\" height=\"150\" src=\"https:\/\/sinprofaz.org.br\/2024\/wp-content\/uploads\/2025\/07\/2-2-150x150.png\" class=\"attachment-thumbnail size-thumbnail\" alt=\"\" \/><\/a>\n\t\t\t<\/dt><\/dl><dl class='gallery-item'>\n\t\t\t<dt class='gallery-icon landscape'>\n\t\t\t\t<a href='https:\/\/sinprofaz.org.br\/2024\/wp-content\/uploads\/2025\/07\/3-2.png'><img loading=\"lazy\" decoding=\"async\" width=\"150\" height=\"150\" src=\"https:\/\/sinprofaz.org.br\/2024\/wp-content\/uploads\/2025\/07\/3-2-150x150.png\" class=\"attachment-thumbnail size-thumbnail\" alt=\"\" \/><\/a>\n\t\t\t<\/dt><\/dl>\n\t\t\t<br style='clear: both' \/>\n\t\t<\/div>\n\n","protected":false},"excerpt":{"rendered":"<p>Foi empossada a Diretoria 2025-2026 do F\u00f3rum Nacional da Advocacia P\u00fablica Federal. Na oportunidade, foi realizada tamb\u00e9m a primeira reuni\u00e3o da nova Diretoria, em que as entidades debateram pautas priorit\u00e1rias. Nessa nova gest\u00e3o, o SINPROFAZ segue na Vice-Presid\u00eancia da entidade.<\/p>\n","protected":false},"author":2,"featured_media":19890,"comment_status":"open","ping_status":"open","sticky":false,"template":"","format":"standard","meta":{"footnotes":""},"categories":[8],"tags":[27,137,116],"featured_image_url":"https:\/\/sinprofaz.org.br\/2024\/wp-content\/uploads\/2025\/07\/1-2.png","character_count":626,"formatted_date":"03\/07\/2025 - 16:30","contentNovo":"Foi empossada na quarta-feira (2) a Diretoria 2025-2026 do F\u00f3rum Nacional da Advocacia P\u00fablica Federal. Nessa nova gest\u00e3o, o SINPROFAZ segue na Vice-Presid\u00eancia da entidade:\r\n\r\nPresidente - Maria Sant\u00edssima Marques (ANPPREV)\r\nVice-Presidente - Val\u00e9ria Ferreira (SINPROFAZ)\r\nSecret\u00e1rio-Geral - Niomar Nogueira (ANAUNI)\r\nDiretor-Tesoureiro - Jarbas dos Reis (ANAJUR)\r\n\r\nNa oportunidade da posse, foi realizada tamb\u00e9m\u00a0a primeira reuni\u00e3o da nova Diretoria, em que as entidades que comp\u00f5em o FORVM debateram pautas priorit\u00e1rias, a exemplo da defesa de prerrogativas das carreiras da Advocacia-Geral da Uni\u00e3o.\r\n\r\nOs novos dirigentes do FORVM assumem com a miss\u00e3o de dar continuidade \u00e0 luta em prol dos Membros da AGU. Juntos, os empossados seguir\u00e3o atuando em benef\u00edcio do fortalecimento da entidade, das carreiras e da Advocacia-Geral da Uni\u00e3o como um todo.\r\n\r\n[gallery link=\"file\" ids=\"19891,19892\"]","_links":{"self":[{"href":"https:\/\/sinprofaz.org.br\/2024\/wp-json\/wp\/v2\/posts\/19889"}],"collection":[{"href":"https:\/\/sinprofaz.org.br\/2024\/wp-json\/wp\/v2\/posts"}],"about":[{"href":"https:\/\/sinprofaz.org.br\/2024\/wp-json\/wp\/v2\/types\/post"}],"author":[{"embeddable":true,"href":"https:\/\/sinprofaz.org.br\/2024\/wp-json\/wp\/v2\/users\/2"}],"replies":[{"embeddable":true,"href":"https:\/\/sinprofaz.org.br\/2024\/wp-json\/wp\/v2\/comments?post=19889"}],"version-history":[{"count":1,"href":"https:\/\/sinprofaz.org.br\/2024\/wp-json\/wp\/v2\/posts\/19889\/revisions"}],"predecessor-version":[{"id":19893,"href":"https:\/\/sinprofaz.org.br\/2024\/wp-json\/wp\/v2\/posts\/19889\/revisions\/19893"}],"wp:featuredmedia":[{"embeddable":true,"href":"https:\/\/sinprofaz.org.br\/2024\/wp-json\/wp\/v2\/media\/19890"}],"wp:attachment":[{"href":"https:\/\/sinprofaz.org.br\/2024\/wp-json\/wp\/v2\/media?parent=19889"}],"wp:term":[{"taxonomy":"category","embeddable":true,"href":"https:\/\/sinprofaz.org.br\/2024\/wp-json\/wp\/v2\/categories?post=19889"},{"taxonomy":"post_tag","embeddable":true,"href":"https:\/\/sinprofaz.org.br\/2024\/wp-json\/wp\/v2\/tags?post=19889"}],"curies":[{"name":"wp","href":"https:\/\/api.w.org\/{rel}","templated":true}]}}