{"id":19856,"date":"2025-07-02T15:00:49","date_gmt":"2025-07-02T18:00:49","guid":{"rendered":"https:\/\/sinprofaz.org.br\/2024\/?p=19856"},"modified":"2025-07-02T16:09:54","modified_gmt":"2025-07-02T19:09:54","slug":"diretoria-2025-2027-do-sinprofaz-toma-posse-em-solenidade-em-brasilia-df","status":"publish","type":"post","link":"https:\/\/sinprofaz.org.br\/2024\/noticias\/diretoria-2025-2027-do-sinprofaz-toma-posse-em-solenidade-em-brasilia-df\/","title":{"rendered":"DIRETORIA 2025-2027 DO SINPROFAZ TOMA POSSE EM SOLENIDADE EM BRAS\u00cdLIA\/DF"},"content":{"rendered":"<p>Eleita para liderar o SINPROFAZ no bi\u00eanio 2025-2027, a nova Diretoria tomou posse em cerim\u00f4nia na noite de ontem (1\u00ba), em Bras\u00edlia\/DF. Na ocasi\u00e3o, compuseram a Mesa de Honra a presidente eleita, Val\u00e9ria Ferreira; o vice-presidente eleito, Alexandre Torres; o filiado e secret\u00e1rio-executivo do Minist\u00e9rio do Empreendedorismo, da Microempresa e da Empresa de Pequeno Porte, Tadeu Alencar; o deputado federal Antonio Carlos Rodrigues (PL\/SP); o presidente da OAB\/DF e representante da OAB Nacional, Paulo Maur\u00edcio Siqueira; o subprocurador-geral da Fazenda Nacional, Fabr\u00edcio Da Soller; o filiado, representante dos PFNs da base, Paulo Andr\u00e9 Sim\u00f5es; e a ex-presidente Iolanda Guindani.<\/p>\n<p>Para iniciar o discurso de posse, Val\u00e9ria Ferreira fez um agradecimento a todos os procuradores e as procuradoras da Fazenda Nacional que somaram esfor\u00e7os e tornaram poss\u00edvel a elei\u00e7\u00e3o da nova Diretoria &#8211; a qual foi eleita, em vota\u00e7\u00e3o hist\u00f3rica, com 1039 votos. Segundo a presidente, a elei\u00e7\u00e3o n\u00e3o foi conquista apenas das diretoras e dos diretores, mas de todos os Colegas\u00a0da Carreira, que se destacam por serem profissionais capacitados para transformar a PGFN e o Pa\u00eds com intelig\u00eancia, dedica\u00e7\u00e3o e excel\u00eancia. Perante o p\u00fablico e em nome da Diretoria, Val\u00e9ria Ferreira assumiu o compromisso de liderar um Sindicato aberto ao debate e \u00e0 constru\u00e7\u00e3o conjunta de solu\u00e7\u00f5es.<\/p>\n<p>&#8220;O SINPROFAZ \u00e9 e sempre foi um palco de conquistas. Um Sindicato constru\u00eddo por quem acredita no di\u00e1logo aliado \u00e0 coragem. Com a certeza de que n\u00e3o existe vit\u00f3ria que se alcance sozinha, assumo com entusiasmo e responsabilidade a Presid\u00eancia do nosso SINPROFAZ. O caminho que vamos tra\u00e7ar exigir\u00e1 firmeza e independ\u00eancia e eu n\u00e3o tenho, hoje, todas as respostas. Acredito que liderar \u00e9 aprender todos os dias e, principalmente, saber escutar. Conto com a cr\u00edtica construtiva, a parceria e o esp\u00edrito combativo de nossa Carreira, para que, juntos, possamos construir um legado \u00e0 altura de nossos sonhos&#8221;, concluiu a presidente do SINPROFAZ, Val\u00e9ria Ferreira.<\/p>\n<p><strong>Mesa de Honra<br \/>\n<\/strong>A solenidade de posse foi prestigiada por filiadas, filiados e autoridades. Ao discursar para o p\u00fablico do evento, o associado e ex-deputado federal Tadeu Alencar lembrou os sete anos em que atuou como delegado sindical: &#8220;Tenho a honra de acompanhar o fortalecimento da Carreira desde 1993. Fortalecimento este que \u00e9 fruto de uma obra coletiva e da supera\u00e7\u00e3o de diversos obst\u00e1culos&#8221;. Parceiro da Advocacia P\u00fablica na C\u00e2mara dos Deputados, Antonio Carlos Rodrigues (PL\/SP) tamb\u00e9m discursou ao p\u00fablico, oportunidade em que parabenizou a nova Diretoria pelo compromisso de envidar esfor\u00e7os em prol da valoriza\u00e7\u00e3o da categoria e da PGFN. &#8220;Estarei de portas abertas para ajudar e atender, na C\u00e2mara, as reivindica\u00e7\u00f5es dessa brilhante Carreira&#8221;, concluiu o parlamentar.<\/p>\n<p>Paulo Andr\u00e9 Sim\u00f5es fez um cumprimento especial aos novos dirigentes sindicais. Segundo o filiado, convidado para representar os Colegas da base na Mesa de Honra, a Diretoria acertou em homenagear os PFNs, que, em toda parte do Pa\u00eds, atuam pela evolu\u00e7\u00e3o da Carreira: &#8220;Que o trabalho seja prof\u00edcuo e que haja di\u00e1logo com a base. Certamente esse \u00e9 o caminho para que consigamos avan\u00e7ar em uma s\u00e9rie de quest\u00f5es e para que os senhores tenham um mandato de sucesso&#8221;. No mesmo sentido, discursou o vice-presidente do SINPROFAZ. De acordo com Alexandre Torres,\u00a0&#8220;nossa gest\u00e3o n\u00e3o ser\u00e1\u00a0marcada por uma hierarquia r\u00edgida, mas por uma lideran\u00e7a compartilhada, constru\u00edda de m\u00e3os dadas com a Carreira e guiada pelo compromisso de lutar pelos PFNs&#8221;.<\/p>\n<p>A palavra tamb\u00e9m foi concedida a Fabr\u00edcio Da Soller. Na ocasi\u00e3o, o subprocurador-geral\u00a0cumprimentou os dirigentes que encerraram o mandato \u00e0 frente do Sindicato e desejou sucesso \u00e0 nova Diretoria. &#8220;N\u00f3s, da administra\u00e7\u00e3o, desejamos continuar trabalhando com o SINPROFAZ nas pautas que interessam \u00e0 Carreira. O sucesso do Sindicato \u00e9 o sucesso da PGFN!&#8221; A cerim\u00f4nia tamb\u00e9m foi oportunidade para que Iolanda Guindani se despedisse da Presid\u00eancia do Sindicato: &#8220;Foram dois anos de trabalho intenso, escuta ativa e articula\u00e7\u00e3o t\u00e9cnica e pol\u00edtica em diferentes frentes. Apesar dos desafios, entregamos conquistas concretas e me orgulho de afirmar que colaboramos para a constru\u00e7\u00e3o de um SINPROFAZ atuante, presente e respeitado dentro e fora da AGU&#8221;.<\/p>\n<p><strong>Compromisso da OAB<br \/>\n<\/strong>Na cerim\u00f4nia de posse, Paulo Maur\u00edcio Siqueira representou Beto Simonetti, presidente nacional da Ordem dos Advogados do Brasil. Ao fazer uso da palavra, o dirigente da OAB\/DF destacou o compromisso da Ordem com os pleitos dos advogados p\u00fablicos federais. &#8220;H\u00e1 35 anos, o SINPROFAZ representa a categoria que \u00e9 a mais antiga da Advocacia P\u00fablica e que trabalha diuturnamente pela justi\u00e7a fiscal no Pa\u00eds. A OAB tamb\u00e9m representa os PFNs e tem o compromisso de defender sua autonomia: os senhores s\u00e3o advogados de Estado e devem gozar da devida independ\u00eancia. Na luta pela autonomia, pelas prerrogativas e pela advocacia plena, o Sindicato pode contar com a OAB!&#8221;<\/p>\n\n\t\t<style type=\"text\/css\">\n\t\t\t#gallery-1 {\n\t\t\t\tmargin: auto;\n\t\t\t}\n\t\t\t#gallery-1 .gallery-item {\n\t\t\t\tfloat: left;\n\t\t\t\tmargin-top: 10px;\n\t\t\t\ttext-align: center;\n\t\t\t\twidth: 33%;\n\t\t\t}\n\t\t\t#gallery-1 img {\n\t\t\t\tborder: 2px solid #cfcfcf;\n\t\t\t}\n\t\t\t#gallery-1 .gallery-caption {\n\t\t\t\tmargin-left: 0;\n\t\t\t}\n\t\t\t\/* see gallery_shortcode() in wp-includes\/media.php *\/\n\t\t<\/style>\n\t\t<div id='gallery-1' class='gallery galleryid-19856 gallery-columns-3 gallery-size-thumbnail'><dl class='gallery-item'>\n\t\t\t<dt class='gallery-icon landscape'>\n\t\t\t\t<a href='https:\/\/sinprofaz.org.br\/2024\/wp-content\/uploads\/2025\/07\/2-1.png'><img loading=\"lazy\" decoding=\"async\" width=\"150\" height=\"150\" src=\"https:\/\/sinprofaz.org.br\/2024\/wp-content\/uploads\/2025\/07\/2-1-150x150.png\" class=\"attachment-thumbnail size-thumbnail\" alt=\"\" aria-describedby=\"gallery-1-19858\" \/><\/a>\n\t\t\t<\/dt>\n\t\t\t\t<dd class='wp-caption-text gallery-caption' id='gallery-1-19858'>\n\t\t\t\tVal\u00e9ria Ferreira\n\t\t\t\t<\/dd><\/dl><dl class='gallery-item'>\n\t\t\t<dt class='gallery-icon landscape'>\n\t\t\t\t<a href='https:\/\/sinprofaz.org.br\/2024\/wp-content\/uploads\/2025\/07\/3-1.png'><img loading=\"lazy\" decoding=\"async\" width=\"150\" height=\"150\" src=\"https:\/\/sinprofaz.org.br\/2024\/wp-content\/uploads\/2025\/07\/3-1-150x150.png\" class=\"attachment-thumbnail size-thumbnail\" alt=\"\" aria-describedby=\"gallery-1-19859\" \/><\/a>\n\t\t\t<\/dt>\n\t\t\t\t<dd class='wp-caption-text gallery-caption' id='gallery-1-19859'>\n\t\t\t\tTadeu Alencar\n\t\t\t\t<\/dd><\/dl><dl class='gallery-item'>\n\t\t\t<dt class='gallery-icon landscape'>\n\t\t\t\t<a href='https:\/\/sinprofaz.org.br\/2024\/wp-content\/uploads\/2025\/07\/4-1.png'><img loading=\"lazy\" decoding=\"async\" width=\"150\" height=\"150\" src=\"https:\/\/sinprofaz.org.br\/2024\/wp-content\/uploads\/2025\/07\/4-1-150x150.png\" class=\"attachment-thumbnail size-thumbnail\" alt=\"\" aria-describedby=\"gallery-1-19860\" \/><\/a>\n\t\t\t<\/dt>\n\t\t\t\t<dd class='wp-caption-text gallery-caption' id='gallery-1-19860'>\n\t\t\t\tPaulo Maur\u00edcio Siqueira\n\t\t\t\t<\/dd><\/dl><br style=\"clear: both\" \/><dl class='gallery-item'>\n\t\t\t<dt class='gallery-icon landscape'>\n\t\t\t\t<a href='https:\/\/sinprofaz.org.br\/2024\/wp-content\/uploads\/2025\/07\/5-1.png'><img loading=\"lazy\" decoding=\"async\" width=\"150\" height=\"150\" src=\"https:\/\/sinprofaz.org.br\/2024\/wp-content\/uploads\/2025\/07\/5-1-150x150.png\" class=\"attachment-thumbnail size-thumbnail\" alt=\"\" aria-describedby=\"gallery-1-19861\" \/><\/a>\n\t\t\t<\/dt>\n\t\t\t\t<dd class='wp-caption-text gallery-caption' id='gallery-1-19861'>\n\t\t\t\tFabr\u00edcio Da Soller\n\t\t\t\t<\/dd><\/dl><dl class='gallery-item'>\n\t\t\t<dt class='gallery-icon landscape'>\n\t\t\t\t<a href='https:\/\/sinprofaz.org.br\/2024\/wp-content\/uploads\/2025\/07\/6-1.png'><img loading=\"lazy\" decoding=\"async\" width=\"150\" height=\"150\" src=\"https:\/\/sinprofaz.org.br\/2024\/wp-content\/uploads\/2025\/07\/6-1-150x150.png\" class=\"attachment-thumbnail size-thumbnail\" alt=\"\" aria-describedby=\"gallery-1-19862\" \/><\/a>\n\t\t\t<\/dt>\n\t\t\t\t<dd class='wp-caption-text gallery-caption' id='gallery-1-19862'>\n\t\t\t\tAntonio Carlos Rodrigues\n\t\t\t\t<\/dd><\/dl><dl class='gallery-item'>\n\t\t\t<dt class='gallery-icon landscape'>\n\t\t\t\t<a href='https:\/\/sinprofaz.org.br\/2024\/wp-content\/uploads\/2025\/07\/7-1.png'><img loading=\"lazy\" decoding=\"async\" width=\"150\" height=\"150\" src=\"https:\/\/sinprofaz.org.br\/2024\/wp-content\/uploads\/2025\/07\/7-1-150x150.png\" class=\"attachment-thumbnail size-thumbnail\" alt=\"\" aria-describedby=\"gallery-1-19863\" \/><\/a>\n\t\t\t<\/dt>\n\t\t\t\t<dd class='wp-caption-text gallery-caption' id='gallery-1-19863'>\n\t\t\t\tPaulo Andr\u00e9 Sim\u00f5es\n\t\t\t\t<\/dd><\/dl><br style=\"clear: both\" \/><dl class='gallery-item'>\n\t\t\t<dt class='gallery-icon landscape'>\n\t\t\t\t<a href='https:\/\/sinprofaz.org.br\/2024\/wp-content\/uploads\/2025\/07\/8-1.png'><img loading=\"lazy\" decoding=\"async\" width=\"150\" height=\"150\" src=\"https:\/\/sinprofaz.org.br\/2024\/wp-content\/uploads\/2025\/07\/8-1-150x150.png\" class=\"attachment-thumbnail size-thumbnail\" alt=\"\" aria-describedby=\"gallery-1-19864\" \/><\/a>\n\t\t\t<\/dt>\n\t\t\t\t<dd class='wp-caption-text gallery-caption' id='gallery-1-19864'>\n\t\t\t\tAlexandre Torres\n\t\t\t\t<\/dd><\/dl><dl class='gallery-item'>\n\t\t\t<dt class='gallery-icon landscape'>\n\t\t\t\t<a href='https:\/\/sinprofaz.org.br\/2024\/wp-content\/uploads\/2025\/07\/9.png'><img loading=\"lazy\" decoding=\"async\" width=\"150\" height=\"150\" src=\"https:\/\/sinprofaz.org.br\/2024\/wp-content\/uploads\/2025\/07\/9-150x150.png\" class=\"attachment-thumbnail size-thumbnail\" alt=\"\" aria-describedby=\"gallery-1-19865\" \/><\/a>\n\t\t\t<\/dt>\n\t\t\t\t<dd class='wp-caption-text gallery-caption' id='gallery-1-19865'>\n\t\t\t\tIolanda Guindani\n\t\t\t\t<\/dd><\/dl><dl class='gallery-item'>\n\t\t\t<dt class='gallery-icon landscape'>\n\t\t\t\t<a href='https:\/\/sinprofaz.org.br\/2024\/wp-content\/uploads\/2025\/07\/10.png'><img loading=\"lazy\" decoding=\"async\" width=\"150\" height=\"150\" src=\"https:\/\/sinprofaz.org.br\/2024\/wp-content\/uploads\/2025\/07\/10-150x150.png\" class=\"attachment-thumbnail size-thumbnail\" alt=\"\" aria-describedby=\"gallery-1-19866\" \/><\/a>\n\t\t\t<\/dt>\n\t\t\t\t<dd class='wp-caption-text gallery-caption' id='gallery-1-19866'>\n\t\t\t\tMesa de Honra\n\t\t\t\t<\/dd><\/dl><br style=\"clear: both\" \/>\n\t\t<\/div>\n\n<p><!-- notionvc: 3b3b284f-39f2-41a7-bf09-34bb2a7b8000 --><\/p>\n","protected":false},"excerpt":{"rendered":"<p>Eleita para liderar o SINPROFAZ no bi\u00eanio 2025-2027, a nova Diretoria tomou posse na noite de ontem (1\u00ba). Compuseram a Mesa de Honra Val\u00e9ria Ferreira, Alexandre Torres, Tadeu Alencar, Antonio Carlos Rodrigues, Paulo Maur\u00edcio Siqueira, Fabr\u00edcio Da Soller, Paulo Andr\u00e9 Sim\u00f5es e Iolanda Guindani.<\/p>\n","protected":false},"author":2,"featured_media":19857,"comment_status":"open","ping_status":"open","sticky":false,"template":"","format":"standard","meta":{"footnotes":""},"categories":[8],"tags":[27,116,25],"featured_image_url":"https:\/\/sinprofaz.org.br\/2024\/wp-content\/uploads\/2025\/07\/1-1.png","character_count":2964,"formatted_date":"02\/07\/2025 - 15:00","contentNovo":"Eleita para liderar o SINPROFAZ no bi\u00eanio 2025-2027, a nova Diretoria tomou posse em cerim\u00f4nia na noite de ontem (1\u00ba), em Bras\u00edlia\/DF. Na ocasi\u00e3o, compuseram a Mesa de Honra a presidente eleita, Val\u00e9ria Ferreira; o vice-presidente eleito, Alexandre Torres; o filiado e secret\u00e1rio-executivo do Minist\u00e9rio do Empreendedorismo, da Microempresa e da Empresa de Pequeno Porte, Tadeu Alencar; o deputado federal Antonio Carlos Rodrigues (PL\/SP); o presidente da OAB\/DF e representante da OAB Nacional, Paulo Maur\u00edcio Siqueira; o subprocurador-geral da Fazenda Nacional, Fabr\u00edcio Da Soller; o filiado, representante dos PFNs da base, Paulo Andr\u00e9 Sim\u00f5es; e a ex-presidente Iolanda Guindani.\r\n\r\nPara iniciar o discurso de posse, Val\u00e9ria Ferreira fez um agradecimento a todos os procuradores e as procuradoras da Fazenda Nacional que somaram esfor\u00e7os e tornaram poss\u00edvel a elei\u00e7\u00e3o da nova Diretoria - a qual foi eleita, em vota\u00e7\u00e3o hist\u00f3rica, com 1039 votos. Segundo a presidente, a elei\u00e7\u00e3o n\u00e3o foi conquista apenas das diretoras e dos diretores, mas de todos os Colegas\u00a0da Carreira, que se destacam por serem profissionais capacitados para transformar a PGFN e o Pa\u00eds com intelig\u00eancia, dedica\u00e7\u00e3o e excel\u00eancia. Perante o p\u00fablico e em nome da Diretoria, Val\u00e9ria Ferreira assumiu o compromisso de liderar um Sindicato aberto ao debate e \u00e0 constru\u00e7\u00e3o conjunta de solu\u00e7\u00f5es.\r\n\r\n\"O SINPROFAZ \u00e9 e sempre foi um palco de conquistas. Um Sindicato constru\u00eddo por quem acredita no di\u00e1logo aliado \u00e0 coragem. Com a certeza de que n\u00e3o existe vit\u00f3ria que se alcance sozinha, assumo com entusiasmo e responsabilidade a Presid\u00eancia do nosso SINPROFAZ. O caminho que vamos tra\u00e7ar exigir\u00e1 firmeza e independ\u00eancia e eu n\u00e3o tenho, hoje, todas as respostas. Acredito que liderar \u00e9 aprender todos os dias e, principalmente, saber escutar. Conto com a cr\u00edtica construtiva, a parceria e o esp\u00edrito combativo de nossa Carreira, para que, juntos, possamos construir um legado \u00e0 altura de nossos sonhos\", concluiu a presidente do SINPROFAZ, Val\u00e9ria Ferreira.\r\n\r\n<strong>Mesa de Honra\r\n<\/strong>A solenidade de posse foi prestigiada por filiadas, filiados e autoridades. Ao discursar para o p\u00fablico do evento, o associado e ex-deputado federal Tadeu Alencar lembrou os sete anos em que atuou como delegado sindical: \"Tenho a honra de acompanhar o fortalecimento da Carreira desde 1993. Fortalecimento este que \u00e9 fruto de uma obra coletiva e da supera\u00e7\u00e3o de diversos obst\u00e1culos\". Parceiro da Advocacia P\u00fablica na C\u00e2mara dos Deputados, Antonio Carlos Rodrigues (PL\/SP) tamb\u00e9m discursou ao p\u00fablico, oportunidade em que parabenizou a nova Diretoria pelo compromisso de envidar esfor\u00e7os em prol da valoriza\u00e7\u00e3o da categoria e da PGFN. \"Estarei de portas abertas para ajudar e atender, na C\u00e2mara, as reivindica\u00e7\u00f5es dessa brilhante Carreira\", concluiu o parlamentar.\r\n\r\nPaulo Andr\u00e9 Sim\u00f5es fez um cumprimento especial aos novos dirigentes sindicais. Segundo o filiado, convidado para representar os Colegas da base na Mesa de Honra, a Diretoria acertou em homenagear os PFNs, que, em toda parte do Pa\u00eds, atuam pela evolu\u00e7\u00e3o da Carreira: \"Que o trabalho seja prof\u00edcuo e que haja di\u00e1logo com a base. Certamente esse \u00e9 o caminho para que consigamos avan\u00e7ar em uma s\u00e9rie de quest\u00f5es e para que os senhores tenham um mandato de sucesso\". No mesmo sentido, discursou o vice-presidente do SINPROFAZ. De acordo com Alexandre Torres,\u00a0\"nossa gest\u00e3o n\u00e3o ser\u00e1\u00a0marcada por uma hierarquia r\u00edgida, mas por uma lideran\u00e7a compartilhada, constru\u00edda de m\u00e3os dadas com a Carreira e guiada pelo compromisso de lutar pelos PFNs\".\r\n\r\nA palavra tamb\u00e9m foi concedida a Fabr\u00edcio Da Soller. Na ocasi\u00e3o, o subprocurador-geral\u00a0cumprimentou os dirigentes que encerraram o mandato \u00e0 frente do Sindicato e desejou sucesso \u00e0 nova Diretoria. \"N\u00f3s, da administra\u00e7\u00e3o, desejamos continuar trabalhando com o SINPROFAZ nas pautas que interessam \u00e0 Carreira. O sucesso do Sindicato \u00e9 o sucesso da PGFN!\" A cerim\u00f4nia tamb\u00e9m foi oportunidade para que Iolanda Guindani se despedisse da Presid\u00eancia do Sindicato: \"Foram dois anos de trabalho intenso, escuta ativa e articula\u00e7\u00e3o t\u00e9cnica e pol\u00edtica em diferentes frentes. Apesar dos desafios, entregamos conquistas concretas e me orgulho de afirmar que colaboramos para a constru\u00e7\u00e3o de um SINPROFAZ atuante, presente e respeitado dentro e fora da AGU\".\r\n\r\n<strong>Compromisso da OAB\r\n<\/strong>Na cerim\u00f4nia de posse, Paulo Maur\u00edcio Siqueira representou Beto Simonetti, presidente nacional da Ordem dos Advogados do Brasil. Ao fazer uso da palavra, o dirigente da OAB\/DF destacou o compromisso da Ordem com os pleitos dos advogados p\u00fablicos federais. \"H\u00e1 35 anos, o SINPROFAZ representa a categoria que \u00e9 a mais antiga da Advocacia P\u00fablica e que trabalha diuturnamente pela justi\u00e7a fiscal no Pa\u00eds. A OAB tamb\u00e9m representa os PFNs e tem o compromisso de defender sua autonomia: os senhores s\u00e3o advogados de Estado e devem gozar da devida independ\u00eancia. Na luta pela autonomia, pelas prerrogativas e pela advocacia plena, o Sindicato pode contar com a OAB!\"\r\n\r\n[gallery link=\"file\" ids=\"19858,19859,19860,19861,19862,19863,19864,19865,19866\"]\r\n\r\n","_links":{"self":[{"href":"https:\/\/sinprofaz.org.br\/2024\/wp-json\/wp\/v2\/posts\/19856"}],"collection":[{"href":"https:\/\/sinprofaz.org.br\/2024\/wp-json\/wp\/v2\/posts"}],"about":[{"href":"https:\/\/sinprofaz.org.br\/2024\/wp-json\/wp\/v2\/types\/post"}],"author":[{"embeddable":true,"href":"https:\/\/sinprofaz.org.br\/2024\/wp-json\/wp\/v2\/users\/2"}],"replies":[{"embeddable":true,"href":"https:\/\/sinprofaz.org.br\/2024\/wp-json\/wp\/v2\/comments?post=19856"}],"version-history":[{"count":1,"href":"https:\/\/sinprofaz.org.br\/2024\/wp-json\/wp\/v2\/posts\/19856\/revisions"}],"predecessor-version":[{"id":19867,"href":"https:\/\/sinprofaz.org.br\/2024\/wp-json\/wp\/v2\/posts\/19856\/revisions\/19867"}],"wp:featuredmedia":[{"embeddable":true,"href":"https:\/\/sinprofaz.org.br\/2024\/wp-json\/wp\/v2\/media\/19857"}],"wp:attachment":[{"href":"https:\/\/sinprofaz.org.br\/2024\/wp-json\/wp\/v2\/media?parent=19856"}],"wp:term":[{"taxonomy":"category","embeddable":true,"href":"https:\/\/sinprofaz.org.br\/2024\/wp-json\/wp\/v2\/categories?post=19856"},{"taxonomy":"post_tag","embeddable":true,"href":"https:\/\/sinprofaz.org.br\/2024\/wp-json\/wp\/v2\/tags?post=19856"}],"curies":[{"name":"wp","href":"https:\/\/api.w.org\/{rel}","templated":true}]}}