{"id":1984,"date":"2014-11-06T14:05:06","date_gmt":"2014-11-06T14:05:06","guid":{"rendered":""},"modified":"-0001-11-30T00:00:00","modified_gmt":"-0001-11-30T03:00:00","slug":"paralisacao-na-camara-traz-visibilidade-a-pleitos-da-advocacia-publica","status":"publish","type":"post","link":"https:\/\/sinprofaz.org.br\/2024\/noticias\/paralisacao-na-camara-traz-visibilidade-a-pleitos-da-advocacia-publica\/","title":{"rendered":"Paralisa\u00e7\u00e3o na C\u00e2mara traz visibilidade a pleitos da Advocacia P\u00fablica"},"content":{"rendered":"<p><img loading=\"lazy\" decoding=\"async\" style=\"margin-right: 10px; margin-bottom: 5px; float: left;\" alt=\"foto01\" src=\"images\/noticias\/paralisacao-camara-tras-visibilidade-pleitos-advocacia-publica\/foto01.jpg\" height=\"134\" width=\"200\" \/>A paralisa\u00e7\u00e3o, promovida pelas entidades sindicais e associativas da Advocacia P\u00fablica Federal, foi conduzida pelo presidente do SINPROFAZ, Her\u00e1clio Camargo. Cerca de 300 Advogados da Uni\u00e3o, Procuradores da Fazenda Nacional, Procuradores Federais e Procuradores do Banco Central lotaram o Espa\u00e7o da Taquigrafia na C\u00e2mara dos Deputados, desde \u00e0s 15h, permanecendo no local por mais de duas horas.<\/p>\n<p>O objetivo do Dia Nacional de Paralisa\u00e7\u00e3o foi apresentar aos parlamentares, imprensa e sociedade as dificuldades enfrentadas pelos membros das Carreiras, que sofrem com enormes car\u00eancias estruturais e defasagem remunerat\u00f3ria.<\/p>\n<p>Essas quest\u00f5es est\u00e3o em debate na C\u00e2mara dos Deputados e no Senado Federal em projetos de lei e propostas de emenda \u00e0 Constitui\u00e7\u00e3o. No Senado, a expectativa \u00e9 pela aprova\u00e7\u00e3o do projeto do Novo CPC, com a manuten\u00e7\u00e3o do texto aprovado na C\u00e2mara, que fixou a percep\u00e7\u00e3o de honor\u00e1rios aos advogados p\u00fablicos federais.<\/p>\n<p>Na C\u00e2mara, a mat\u00e9ria priorit\u00e1ria e que tamb\u00e9m conta com a mobiliza\u00e7\u00e3o dos Procuradores Estaduais, representados pela ANAPE, \u00e9 a PEC 82\/2007, mais conhecida como PEC da Probidade, que confere autonomia institucional e prerrogativas \u00e0 Advocacia P\u00fablica nas tr\u00eas esferas \u2013 federal, estadual e municipal.<\/p>\n<p>A proposta, aprovada na comiss\u00e3o especial, aguarda inclus\u00e3o na ordem do dia do plen\u00e1rio da C\u00e2mara. Como resultado da a\u00e7\u00e3o permanente do Movimento Nacional pela Advocacia P\u00fablica nos corredores e inst\u00e2ncias decis\u00f3rias da Casa, h\u00e1 um requerimento de urg\u00eancia para vota\u00e7\u00e3o em plen\u00e1rio, j\u00e1 assinado por 19 partidos. O documento \u00e9 um importante instrumento de press\u00e3o para que a mat\u00e9ria seja pautada ainda em 2014, antes do encerramento da atual legislatura.<\/p>\n<p><strong>Desfile de estadistas<\/strong><\/p>\n<p><img loading=\"lazy\" decoding=\"async\" style=\"margin-left: 10px; margin-bottom: 5px; margin-top: 5px; float: right;\" alt=\"foto02\" src=\"images\/noticias\/paralisacao-camara-tras-visibilidade-pleitos-advocacia-publica\/foto02.jpg\" height=\"134\" width=\"200\" \/>No ato de ontem, como sempre frisava o presidente do SINPROFAZ, os presentes assistiram a um desfile de estadistas. Her\u00e1clio Camargo referia-se aos deputados que apoiaram e se manifestaram durante o evento, classificando-os como Pol\u00edticos com \u201cP\u201d mai\u00fasculo, em virtude da atua\u00e7\u00e3o em prol do fortalecimento do Estado brasileiro.<\/p>\n<p>Marcaram presen\u00e7a no ato os deputados Efraim Filho (DEM-PB), Amauri Teixeira (PT-BA), J\u00f4 Moraes (PCdoB-MG), Paulo Teixeira (PT-SP), Paulo Rubem Santiago (PDT-PE), Alessandro Molon (PT-RJ) e Lelo Coimbra (PMDB-ES), al\u00e9m do senador In\u00e1cio Arruda (PCdoB-CE).<\/p>\n<p>Esses parlamentares e v\u00e1rios outros j\u00e1 declararam que ir\u00e3o votar a favor da PEC da Probidade, quando a mat\u00e9ria for deliberada em plen\u00e1rio.<\/p>\n<p>Al\u00e9m das entidades representativas da Advocacia P\u00fablica Federal, o Dia Nacional de Paralisa\u00e7\u00e3o foi apoiado e teve a participa\u00e7\u00e3o do presidente da ANAPE, Marcello Terto, e do presidente da ANADEF, Kelery Dinarte Da P\u00e1scoa Freitas, que rememorou a luta dos Defensores P\u00fablicos Federais no Parlamento pela conquista de autonomia, ratificada na Emenda Constitucional 74, de 2013.<\/p>\n<p>O Movimento Nacional pela Advocacia P\u00fablica vai intensificar as a\u00e7\u00f5es na C\u00e2mara nesta reta final do ano legislativo e convocar\u00e1 os membros das Carreiras a participarem dos pr\u00f3ximos atos. \u00c9 preciso manter a press\u00e3o e visibilidade do pleito da autonomia; o momento parece ser prop\u00edcio \u00e0 inclus\u00e3o da mat\u00e9ria na pauta do plen\u00e1rio ainda este ano.<\/p>\n<div style=\"text-align: center;\">\n<p><img loading=\"lazy\" decoding=\"async\" style=\"margin-right: 5px;\" alt=\"foto03\" src=\"images\/noticias\/paralisacao-camara-tras-visibilidade-pleitos-advocacia-publica\/foto03.jpg\" height=\"120\" width=\"214\" \/><img loading=\"lazy\" decoding=\"async\" style=\"margin-right: 5px;\" alt=\"foto04\" src=\"images\/noticias\/paralisacao-camara-tras-visibilidade-pleitos-advocacia-publica\/foto04.jpg\" height=\"120\" width=\"179\" \/><img loading=\"lazy\" decoding=\"async\" alt=\"foto05\" src=\"images\/noticias\/paralisacao-camara-tras-visibilidade-pleitos-advocacia-publica\/foto05.jpg\" height=\"120\" width=\"179\" \/><\/p>\n<p><img loading=\"lazy\" decoding=\"async\" style=\"margin-right: 5px;\" alt=\"foto06\" src=\"images\/noticias\/paralisacao-camara-tras-visibilidade-pleitos-advocacia-publica\/foto06.jpg\" height=\"120\" width=\"179\" \/><img loading=\"lazy\" decoding=\"async\" style=\"margin-right: 5px;\" alt=\"foto07\" src=\"images\/noticias\/paralisacao-camara-tras-visibilidade-pleitos-advocacia-publica\/foto07.jpg\" height=\"120\" width=\"179\" \/><img loading=\"lazy\" decoding=\"async\" alt=\"foto08\" src=\"images\/noticias\/paralisacao-camara-tras-visibilidade-pleitos-advocacia-publica\/foto08.jpg\" height=\"120\" width=\"179\" \/><\/p>\n<p><img loading=\"lazy\" decoding=\"async\" style=\"margin-right: 5px;\" alt=\"foto09\" src=\"images\/noticias\/paralisacao-camara-tras-visibilidade-pleitos-advocacia-publica\/foto09.jpg\" height=\"120\" width=\"179\" \/><img loading=\"lazy\" decoding=\"async\" style=\"margin-right: 5px;\" alt=\"foto10\" src=\"images\/noticias\/paralisacao-camara-tras-visibilidade-pleitos-advocacia-publica\/foto10.jpg\" height=\"120\" width=\"179\" \/><img loading=\"lazy\" decoding=\"async\" alt=\"foto11\" src=\"images\/noticias\/paralisacao-camara-tras-visibilidade-pleitos-advocacia-publica\/foto11.jpg\" height=\"120\" width=\"179\" \/><\/p>\n<p><img loading=\"lazy\" decoding=\"async\" style=\"margin-right: 5px;\" alt=\"foto12\" src=\"images\/noticias\/paralisacao-camara-tras-visibilidade-pleitos-advocacia-publica\/foto12.jpg\" height=\"120\" width=\"179\" \/><img loading=\"lazy\" decoding=\"async\" style=\"margin-right: 5px;\" alt=\"foto13\" src=\"images\/noticias\/paralisacao-camara-tras-visibilidade-pleitos-advocacia-publica\/foto13.jpg\" height=\"120\" width=\"179\" \/><img loading=\"lazy\" decoding=\"async\" alt=\"foto14\" src=\"images\/noticias\/paralisacao-camara-tras-visibilidade-pleitos-advocacia-publica\/foto14.jpg\" height=\"120\" width=\"179\" \/><\/p>\n<p><img loading=\"lazy\" decoding=\"async\" style=\"margin-right: 5px;\" alt=\"foto15\" src=\"images\/noticias\/paralisacao-camara-tras-visibilidade-pleitos-advocacia-publica\/foto15.jpg\" height=\"120\" width=\"179\" \/><img loading=\"lazy\" decoding=\"async\" alt=\"foto16\" src=\"images\/noticias\/paralisacao-camara-tras-visibilidade-pleitos-advocacia-publica\/foto16.jpg\" height=\"120\" width=\"179\" \/><\/p>\n<\/div>\n","protected":false},"excerpt":{"rendered":"<p>Nesta quarta-feira, 05\/11, o Dia Nacional de Paralisa\u00e7\u00e3o da Advocacia P\u00fablica Federal reuniu Carreiras e deputados em ato hist\u00f3rico que lotou o Espa\u00e7o da Taquigrafia na C\u00e2mara.<\/p>\n","protected":false},"author":1,"featured_media":0,"comment_status":"closed","ping_status":"open","sticky":false,"template":"","format":"standard","meta":{"footnotes":""},"categories":[8],"tags":[],"featured_image_url":"https:\/\/dummyimage.com\/720x400","character_count":1629,"formatted_date":"06\/11\/2014 - 14:05","contentNovo":"\r\n<p>A paralisa\u00e7\u00e3o, promovida pelas entidades sindicais e associativas da Advocacia P\u00fablica Federal, foi conduzida pelo presidente do SINPROFAZ, Her\u00e1clio Camargo. Cerca de 300 Advogados da Uni\u00e3o, Procuradores da Fazenda Nacional, Procuradores Federais e Procuradores do Banco Central lotaram o Espa\u00e7o da Taquigrafia na C\u00e2mara dos Deputados, desde \u00e0s 15h, permanecendo no local por mais de duas horas.<\/p>\r\n<p>O objetivo do Dia Nacional de Paralisa\u00e7\u00e3o foi apresentar aos parlamentares, imprensa e sociedade as dificuldades enfrentadas pelos membros das Carreiras, que sofrem com enormes car\u00eancias estruturais e defasagem remunerat\u00f3ria.<\/p>\r\n<p>Essas quest\u00f5es est\u00e3o em debate na C\u00e2mara dos Deputados e no Senado Federal em projetos de lei e propostas de emenda \u00e0 Constitui\u00e7\u00e3o. No Senado, a expectativa \u00e9 pela aprova\u00e7\u00e3o do projeto do Novo CPC, com a manuten\u00e7\u00e3o do texto aprovado na C\u00e2mara, que fixou a percep\u00e7\u00e3o de honor\u00e1rios aos advogados p\u00fablicos federais.<\/p>\r\n<p>Na C\u00e2mara, a mat\u00e9ria priorit\u00e1ria e que tamb\u00e9m conta com a mobiliza\u00e7\u00e3o dos Procuradores Estaduais, representados pela ANAPE, \u00e9 a PEC 82\/2007, mais conhecida como PEC da Probidade, que confere autonomia institucional e prerrogativas \u00e0 Advocacia P\u00fablica nas tr\u00eas esferas \u2013 federal, estadual e municipal.<\/p>\r\n<p>A proposta, aprovada na comiss\u00e3o especial, aguarda inclus\u00e3o na ordem do dia do plen\u00e1rio da C\u00e2mara. Como resultado da a\u00e7\u00e3o permanente do Movimento Nacional pela Advocacia P\u00fablica nos corredores e inst\u00e2ncias decis\u00f3rias da Casa, h\u00e1 um requerimento de urg\u00eancia para vota\u00e7\u00e3o em plen\u00e1rio, j\u00e1 assinado por 19 partidos. O documento \u00e9 um importante instrumento de press\u00e3o para que a mat\u00e9ria seja pautada ainda em 2014, antes do encerramento da atual legislatura.<\/p>\r\n<p><strong>Desfile de estadistas<\/strong><\/p>\r\n<p>No ato de ontem, como sempre frisava o presidente do SINPROFAZ, os presentes assistiram a um desfile de estadistas. Her\u00e1clio Camargo referia-se aos deputados que apoiaram e se manifestaram durante o evento, classificando-os como Pol\u00edticos com \u201cP\u201d mai\u00fasculo, em virtude da atua\u00e7\u00e3o em prol do fortalecimento do Estado brasileiro.<\/p>\r\n<p>Marcaram presen\u00e7a no ato os deputados Efraim Filho (DEM-PB), Amauri Teixeira (PT-BA), J\u00f4 Moraes (PCdoB-MG), Paulo Teixeira (PT-SP), Paulo Rubem Santiago (PDT-PE), Alessandro Molon (PT-RJ) e Lelo Coimbra (PMDB-ES), al\u00e9m do senador In\u00e1cio Arruda (PCdoB-CE).<\/p>\r\n<p>Esses parlamentares e v\u00e1rios outros j\u00e1 declararam que ir\u00e3o votar a favor da PEC da Probidade, quando a mat\u00e9ria for deliberada em plen\u00e1rio.<\/p>\r\n<p>Al\u00e9m das entidades representativas da Advocacia P\u00fablica Federal, o Dia Nacional de Paralisa\u00e7\u00e3o foi apoiado e teve a participa\u00e7\u00e3o do presidente da ANAPE, Marcello Terto, e do presidente da ANADEF, Kelery Dinarte Da P\u00e1scoa Freitas, que rememorou a luta dos Defensores P\u00fablicos Federais no Parlamento pela conquista de autonomia, ratificada na Emenda Constitucional 74, de 2013.<\/p>\r\n<p>O Movimento Nacional pela Advocacia P\u00fablica vai intensificar as a\u00e7\u00f5es na C\u00e2mara nesta reta final do ano legislativo e convocar\u00e1 os membros das Carreiras a participarem dos pr\u00f3ximos atos. \u00c9 preciso manter a press\u00e3o e visibilidade do pleito da autonomia; o momento parece ser prop\u00edcio \u00e0 inclus\u00e3o da mat\u00e9ria na pauta do plen\u00e1rio ainda este ano.<\/p>\r\n\r\n<p><\/p>\r\n<p><\/p>\r\n<p><\/p>\r\n<p><\/p>\r\n<p><\/p>\r\n","_links":{"self":[{"href":"https:\/\/sinprofaz.org.br\/2024\/wp-json\/wp\/v2\/posts\/1984"}],"collection":[{"href":"https:\/\/sinprofaz.org.br\/2024\/wp-json\/wp\/v2\/posts"}],"about":[{"href":"https:\/\/sinprofaz.org.br\/2024\/wp-json\/wp\/v2\/types\/post"}],"author":[{"embeddable":true,"href":"https:\/\/sinprofaz.org.br\/2024\/wp-json\/wp\/v2\/users\/1"}],"replies":[{"embeddable":true,"href":"https:\/\/sinprofaz.org.br\/2024\/wp-json\/wp\/v2\/comments?post=1984"}],"version-history":[{"count":0,"href":"https:\/\/sinprofaz.org.br\/2024\/wp-json\/wp\/v2\/posts\/1984\/revisions"}],"wp:attachment":[{"href":"https:\/\/sinprofaz.org.br\/2024\/wp-json\/wp\/v2\/media?parent=1984"}],"wp:term":[{"taxonomy":"category","embeddable":true,"href":"https:\/\/sinprofaz.org.br\/2024\/wp-json\/wp\/v2\/categories?post=1984"},{"taxonomy":"post_tag","embeddable":true,"href":"https:\/\/sinprofaz.org.br\/2024\/wp-json\/wp\/v2\/tags?post=1984"}],"curies":[{"name":"wp","href":"https:\/\/api.w.org\/{rel}","templated":true}]}}